{"id":68166,"date":"2018-08-02T00:00:00","date_gmt":"2018-08-02T06:00:00","guid":{"rendered":"https:\/\/dralvarez.com.mx\/larevista\/blog\/supervisores-pieza-clave-para-consolidar-una-educacion-de-calidad-koh-cambranis-28172"},"modified":"2018-08-02T00:00:00","modified_gmt":"2018-08-02T06:00:00","slug":"supervisores-pieza-clave-para-consolidar-una-educacion-de-calidad-koh-cambranis-28172","status":"publish","type":"post","link":"https:\/\/dralvarez.com.mx\/larevista\/compeche\/supervisores-pieza-clave-para-consolidar-una-educacion-de-calidad-koh-cambranis-28172","title":{"rendered":"Supervisores, pieza clave para consolidar una educaci\u00f3n de calidad: Koh Cambranis"},"content":{"rendered":"<p>El subsecretario de Educaci\u00f3n B\u00e1sica de la Secretar\u00eda de Educaci\u00f3n de Campeche (SEDUC), Ricardo Koh Cambranis, en representaci\u00f3n del titular de la dependencia, Ricardo Medina Farf\u00e1n, encabez\u00f3 la clausura del VII Taller Estatal de Supervisores para el ciclo escolar 2018-2019, durante el cual hizo entrega de reconocimientos, de forma simb\u00f3lica, a los 124 participantes de esta actividad.<\/p>\n<p>\u201cSu trabajo es fundamental, es pieza clave para el engranaje educativo, para que se fortalezca la educaci\u00f3n de calidad por la que trabajamos a diario, porque a trav\u00e9s de ustedes se verifica que se ejecuten adecuadamente las estrategias, planes y acciones en materia educativa, y a su vez son ese enlace directo con las escuelas, con las autoridades escolares, para estrechar la comunicaci\u00f3n en beneficio de todos los ni\u00f1os, ni\u00f1as y j\u00f3venes que son parte del esquema de formaci\u00f3n en Campeche\u201d, asegur\u00f3 en su intervenci\u00f3n.<\/p>\n<p>Asimismo, precis\u00f3 que el sector educativo es por s\u00ed mismo una gran estructura en la que la participaci\u00f3n de todos es fundamental, directivos, padres de familia, autoridades educativas, pero la funci\u00f3n del supervisor es la que permite concatenar todas y cada una de las partes involucradas, por lo que su adecuado funcionamiento es vital.<\/p>\n<p>\u201cUstedes son ese punto que permite un contacto directo con los centros escolares, que contribuye a elaborar estrategias encaminadas principalmente al desarrollo del aprendizaje de su comunidad escolar, son el actor que nos ayuda como autoridad educativa a estar vigilante de las condiciones de cada espacio escolar, el term\u00f3metro que nos sirve para ir marcando la ruta de mejora, ante las condiciones de cada zona, y con ello consolidar la educaci\u00f3n de calidad que el Gobernador Alejandro Moreno desea y que el secretario de educaci\u00f3n, Ricardo Medina, nos pide que consolidemos a diario\u201d, extern\u00f3.<\/p>\n<p>Koh Cambranis tambi\u00e9n se\u00f1al\u00f3 que estas actividades dan pauta para que el inicio del ciclo escolar 2018-2019 se ejecute con normalidad, para que no existan inconvenientes en el proceso de adaptaci\u00f3n e implementaci\u00f3n del nuevo modelo educativo; por lo que exhort\u00f3 a los supervisores a poner todo su empe\u00f1o para que este nuevo a\u00f1o escolar sea un \u00e9xito.<\/p>\n<p>Es importante destacar que durante este acto protocolario, adem\u00e1s de los 124 supervisores, tambi\u00e9n se hizo entrega de reconocimiento a directores de Escuelas Normales, quienes a lo largo de los tres d\u00edas que se desarroll\u00f3 el Taller, asistieron a las diversas actividades programadas<\/p>\n","protected":false},"excerpt":{"rendered":"<p>Clausuran VII Taller Estatal para el ciclo 2018-2019<\/p>\n","protected":false},"author":1018,"featured_media":0,"comment_status":"open","ping_status":"open","sticky":false,"template":"","format":"standard","meta":{"tdm_status":"","tdm_grid_status":"","footnotes":""},"categories":[27],"tags":[],"_links":{"self":[{"href":"https:\/\/dralvarez.com.mx\/larevista\/wp-json\/wp\/v2\/posts\/68166"}],"collection":[{"href":"https:\/\/dralvarez.com.mx\/larevista\/wp-json\/wp\/v2\/posts"}],"about":[{"href":"https:\/\/dralvarez.com.mx\/larevista\/wp-json\/wp\/v2\/types\/post"}],"author":[{"embeddable":true,"href":"https:\/\/dralvarez.com.mx\/larevista\/wp-json\/wp\/v2\/users\/1018"}],"replies":[{"embeddable":true,"href":"https:\/\/dralvarez.com.mx\/larevista\/wp-json\/wp\/v2\/comments?post=68166"}],"version-history":[{"count":0,"href":"https:\/\/dralvarez.com.mx\/larevista\/wp-json\/wp\/v2\/posts\/68166\/revisions"}],"wp:attachment":[{"href":"https:\/\/dralvarez.com.mx\/larevista\/wp-json\/wp\/v2\/media?parent=68166"}],"wp:term":[{"taxonomy":"category","embeddable":true,"href":"https:\/\/dralvarez.com.mx\/larevista\/wp-json\/wp\/v2\/categories?post=68166"},{"taxonomy":"post_tag","embeddable":true,"href":"https:\/\/dralvarez.com.mx\/larevista\/wp-json\/wp\/v2\/tags?post=68166"}],"curies":[{"name":"wp","href":"https:\/\/api.w.org\/{rel}","templated":true}]}}