{"id":68163,"date":"2018-08-02T00:00:00","date_gmt":"2018-08-02T06:00:00","guid":{"rendered":"https:\/\/dralvarez.com.mx\/larevista\/blog\/dif-estatal-imparte-curso-construyendo-familias-diferentes-en-los-centros-de-atencion-infantil-28169"},"modified":"2018-08-02T00:00:00","modified_gmt":"2018-08-02T06:00:00","slug":"dif-estatal-imparte-curso-construyendo-familias-diferentes-en-los-centros-de-atencion-infantil-28169","status":"publish","type":"post","link":"https:\/\/dralvarez.com.mx\/larevista\/compeche\/dif-estatal-imparte-curso-construyendo-familias-diferentes-en-los-centros-de-atencion-infantil-28169","title":{"rendered":"DIF estatal imparte curso \u201cconstruyendo familias diferentes en los centros de atenci\u00f3n infantil\u201d"},"content":{"rendered":"<\/p>\n<p>La capacitaci\u00f3n sobre el modelo de fortalecimiento \u201cConstruyendo Familias Diferentes en los Centros de Atenci\u00f3n Infantil\u201d, proporcion\u00f3 las herramientas psicopedag\u00f3gicas para la prevenci\u00f3n y detecci\u00f3n de la violencia y abuso en ni\u00f1as y ni\u00f1os, evento organizado por el Sistema Estatal para el Desarrollo Integral de la Familia (DIF), a trav\u00e9s de su Direcci\u00f3n de Desarrollo Familiar y Voluntariado.<\/p>\n<p>A nombre de la Presidenta del Patronato del DIF Estatal, Christelle Casta\u00f1\u00f3n Moreno, la Directora General del DIF, Silvia Elena Parrao Arceo, dio la bienvenida a los 200 asistentes, entre ellos: directoras, responsables del programa CADI-CAIC, docentes, asistentes educativas y personas de coordinaci\u00f3n educativa del DIF Estatal, a quienes invit\u00f3 aprovechar el abordaje de conceptos y experiencias contextualizadas en el estado, para una sensibilizaci\u00f3n y concientizaci\u00f3n hacia la construcci\u00f3n y el sostenimiento de una cultura sin violencia.<\/p>\n<p>Como parte de la capacitaci\u00f3n se imparti\u00f3 la conferencia \u201cPrevenci\u00f3n de la Violencia y Elementos para la Detecci\u00f3n del Abuso\u201d, adem\u00e1s de contenidos tem\u00e1ticos como construcci\u00f3n sociocultural de la violencia, la violencia y sus diversas manifestaciones, violencia estructural y violencia simb\u00f3lica en la educaci\u00f3n de ni\u00f1as y ni\u00f1os, modelos cognitivo afectivo conductual para la atenci\u00f3n de la primera infancia como esquema para la prevenci\u00f3n y detecci\u00f3n.<\/p>\n<p>Cabe destacar que el DIF Estatal est\u00e1 considerado como el eje rector de la primera infancia, por lo que su compromiso es el seguimiento y cuidado de las ni\u00f1as y ni\u00f1os fortaleciendo a las familias de madres trabajadoras, por ello, se les proporcionan las herramientas &nbsp; psicopedag\u00f3gicas a las maestras de esos centros para la prevenci\u00f3n y detecci\u00f3n de la violencia y abuso de la ni\u00f1ez.<\/p>\n<p>Las actividades de desarrollo de la primera infancia est\u00e1n presentes en las esferas program\u00e1ticas de la UNICEF, para garantizar un desarrollo pleno es necesario intervenir activamente en los programas orientados a la supervivencia y el desarrollo de los ni\u00f1os en educaci\u00f3n, protecci\u00f3n infantil y las actividades asistenciales. Finalmente, los participantes recibieron sus constancias.<\/p><\/p>\n","protected":false},"excerpt":{"rendered":"<p>Como parte de la capacitaci\u00f3n se imparti\u00f3 la conferencia \u201cPrevenci\u00f3n de la Violencia y Elementos para la Detecci\u00f3n del Abuso\u201d&#8230;<\/p>\n","protected":false},"author":1018,"featured_media":0,"comment_status":"open","ping_status":"open","sticky":false,"template":"","format":"standard","meta":{"tdm_status":"","tdm_grid_status":"","footnotes":""},"categories":[27],"tags":[],"_links":{"self":[{"href":"https:\/\/dralvarez.com.mx\/larevista\/wp-json\/wp\/v2\/posts\/68163"}],"collection":[{"href":"https:\/\/dralvarez.com.mx\/larevista\/wp-json\/wp\/v2\/posts"}],"about":[{"href":"https:\/\/dralvarez.com.mx\/larevista\/wp-json\/wp\/v2\/types\/post"}],"author":[{"embeddable":true,"href":"https:\/\/dralvarez.com.mx\/larevista\/wp-json\/wp\/v2\/users\/1018"}],"replies":[{"embeddable":true,"href":"https:\/\/dralvarez.com.mx\/larevista\/wp-json\/wp\/v2\/comments?post=68163"}],"version-history":[{"count":0,"href":"https:\/\/dralvarez.com.mx\/larevista\/wp-json\/wp\/v2\/posts\/68163\/revisions"}],"wp:attachment":[{"href":"https:\/\/dralvarez.com.mx\/larevista\/wp-json\/wp\/v2\/media?parent=68163"}],"wp:term":[{"taxonomy":"category","embeddable":true,"href":"https:\/\/dralvarez.com.mx\/larevista\/wp-json\/wp\/v2\/categories?post=68163"},{"taxonomy":"post_tag","embeddable":true,"href":"https:\/\/dralvarez.com.mx\/larevista\/wp-json\/wp\/v2\/tags?post=68163"}],"curies":[{"name":"wp","href":"https:\/\/api.w.org\/{rel}","templated":true}]}}