{"id":68136,"date":"2018-08-02T00:00:00","date_gmt":"2018-08-02T06:00:00","guid":{"rendered":"https:\/\/dralvarez.com.mx\/larevista\/blog\/trabajar-para-promover-acciones-que-fomenten-el-empleo-y-la-inversion-comercam-28142"},"modified":"2018-08-02T00:00:00","modified_gmt":"2018-08-02T06:00:00","slug":"trabajar-para-promover-acciones-que-fomenten-el-empleo-y-la-inversion-comercam-28142","status":"publish","type":"post","link":"https:\/\/dralvarez.com.mx\/larevista\/compeche\/trabajar-para-promover-acciones-que-fomenten-el-empleo-y-la-inversion-comercam-28142","title":{"rendered":"Trabajar para promover acciones que fomenten el empleo y la inversi\u00f3n: COMERCAM"},"content":{"rendered":"<p>Promover, intercambiar experiencias y conocimientos de acciones que permitan simplificar tr\u00e1mites y servicios, fomenta el empleo y la inversi\u00f3n, destac\u00f3 la titular de la Comisi\u00f3n de Mejora Regulatoria en el Estado (COMERCAM), Rosaura Santini Cobos, al participar en el \u201cForo Acciones por la Competitividad y la Gobernanza Regulatoria\u201c, celebrado en M\u00e9rida, Yucat\u00e1n.<\/p>\n<p>Resalt\u00f3 que con estos encuentros se impulsa a que el gobierno realice el proceso adecuado que permita la apertura de empresas y que otorgue permisos para que los empresarios puedan edificar sus instalaciones e iniciar su actividad econ\u00f3mica, partiendo de la premisa de colocar a los ciudadanos en el centro de la actividad gubernamental.<\/p>\n<p>-Para poder lograr lo anterior, se requiere visualizar la gesti\u00f3n del gobierno como un todo, logrando una actuaci\u00f3n coordinada y coherente de los tres niveles de gobierno para ofrecerles a los ciudadanos, el acceso a la informaci\u00f3n completa de los tr\u00e1mites y la capacidad de realizar las transacciones necesarias para abrir su empresa -ponder\u00f3. <\/p>\n<p>Tambi\u00e9n resalt\u00f3 que este foro fue una gran oportunidad para que los funcionarios que trabajan en la mejora regulatoria tengan una m\u00e1s amplia visi\u00f3n de las necesidades prioritarias de los empresarios. <\/p>\n<p>En el encuentro se expusieron diversas ponencias  en las que se trataron temas como, las buenas pr\u00e1cticas que fomentan la apertura de empresas, permisos de construcci\u00f3n e inspecciones para promover la econom\u00eda regional y factores antes de ventanilla y la transparencia regulatoria.<\/p>\n","protected":false},"excerpt":{"rendered":"<p>\u201cForo Acciones por la Competitividad y la Gobernanza Regulatoria\u201c, celebrado en M\u00e9rida, Yucat\u00e1n&#8230;<\/p>\n","protected":false},"author":1018,"featured_media":0,"comment_status":"open","ping_status":"open","sticky":false,"template":"","format":"standard","meta":{"tdm_status":"","tdm_grid_status":"","footnotes":""},"categories":[27],"tags":[],"_links":{"self":[{"href":"https:\/\/dralvarez.com.mx\/larevista\/wp-json\/wp\/v2\/posts\/68136"}],"collection":[{"href":"https:\/\/dralvarez.com.mx\/larevista\/wp-json\/wp\/v2\/posts"}],"about":[{"href":"https:\/\/dralvarez.com.mx\/larevista\/wp-json\/wp\/v2\/types\/post"}],"author":[{"embeddable":true,"href":"https:\/\/dralvarez.com.mx\/larevista\/wp-json\/wp\/v2\/users\/1018"}],"replies":[{"embeddable":true,"href":"https:\/\/dralvarez.com.mx\/larevista\/wp-json\/wp\/v2\/comments?post=68136"}],"version-history":[{"count":0,"href":"https:\/\/dralvarez.com.mx\/larevista\/wp-json\/wp\/v2\/posts\/68136\/revisions"}],"wp:attachment":[{"href":"https:\/\/dralvarez.com.mx\/larevista\/wp-json\/wp\/v2\/media?parent=68136"}],"wp:term":[{"taxonomy":"category","embeddable":true,"href":"https:\/\/dralvarez.com.mx\/larevista\/wp-json\/wp\/v2\/categories?post=68136"},{"taxonomy":"post_tag","embeddable":true,"href":"https:\/\/dralvarez.com.mx\/larevista\/wp-json\/wp\/v2\/tags?post=68136"}],"curies":[{"name":"wp","href":"https:\/\/api.w.org\/{rel}","templated":true}]}}