{"id":68110,"date":"2018-08-01T00:00:00","date_gmt":"2018-08-01T06:00:00","guid":{"rendered":"https:\/\/dralvarez.com.mx\/larevista\/blog\/secretaria-de-planeacion-28115"},"modified":"2018-08-01T00:00:00","modified_gmt":"2018-08-01T06:00:00","slug":"secretaria-de-planeacion-28115","status":"publish","type":"post","link":"https:\/\/dralvarez.com.mx\/larevista\/compeche\/secretaria-de-planeacion-28115","title":{"rendered":"Secretar\u00eda de planeaci\u00f3n"},"content":{"rendered":"<\/p>\n<p>A<br \/>\nsolicitud del presidente municipal de Champot\u00f3n, Ra\u00fal Uribe Aydar, y en<br \/>\npresencia del titular de la Secretar\u00eda de Planeaci\u00f3n (SEPLAN), Ram\u00f3n Arredondo<br \/>\nAnguiano, se llev\u00f3 a cabo una reuni\u00f3n de trabajo para revisar y actualizar el<br \/>\nPrograma de Ordenamiento Territorial de Champot\u00f3n, a fin de favorecer y<br \/>\nfortalecer el desarrollo econ\u00f3mico de esta jurisdicci\u00f3n municipal. Particip\u00f3<br \/>\npersonal de la Delegaci\u00f3n estatal de la Procuradur\u00eda Federal de Protecci\u00f3n al<br \/>\nAmbiente (PROFEPA); Secretar\u00eda de Desarrollo Urbano, Obras P\u00fablicas e<br \/>\nInfraestructura (SEDUOPI); Instituto de Informaci\u00f3n Estad\u00edstica, Geogr\u00e1fica y<br \/>\nCatastral del Estado (INFOCAM); Secretar\u00eda de Desarrollo Econ\u00f3mico (SEDECO); Secretar\u00eda<br \/>\nde Medio Ambiente y Recursos Naturales del Estado (SEMANARCAM) y de la comuna<br \/>\nchampotonera.<\/p>\n<p>&nbsp;<\/p>\n<p>&nbsp;<\/p>\n<p>&nbsp;<\/p>\n<p>&nbsp;<\/p>\n<p><\/p>\n","protected":false},"excerpt":{"rendered":"<p>Se llev\u00f3 a cabo una reuni\u00f3n de trabajo para revisar y actualizar el Programa de Ordenamiento Territorial de Champot\u00f3n<\/p>\n","protected":false},"author":1018,"featured_media":0,"comment_status":"open","ping_status":"open","sticky":false,"template":"","format":"standard","meta":{"tdm_status":"","tdm_grid_status":"","footnotes":""},"categories":[27],"tags":[],"_links":{"self":[{"href":"https:\/\/dralvarez.com.mx\/larevista\/wp-json\/wp\/v2\/posts\/68110"}],"collection":[{"href":"https:\/\/dralvarez.com.mx\/larevista\/wp-json\/wp\/v2\/posts"}],"about":[{"href":"https:\/\/dralvarez.com.mx\/larevista\/wp-json\/wp\/v2\/types\/post"}],"author":[{"embeddable":true,"href":"https:\/\/dralvarez.com.mx\/larevista\/wp-json\/wp\/v2\/users\/1018"}],"replies":[{"embeddable":true,"href":"https:\/\/dralvarez.com.mx\/larevista\/wp-json\/wp\/v2\/comments?post=68110"}],"version-history":[{"count":0,"href":"https:\/\/dralvarez.com.mx\/larevista\/wp-json\/wp\/v2\/posts\/68110\/revisions"}],"wp:attachment":[{"href":"https:\/\/dralvarez.com.mx\/larevista\/wp-json\/wp\/v2\/media?parent=68110"}],"wp:term":[{"taxonomy":"category","embeddable":true,"href":"https:\/\/dralvarez.com.mx\/larevista\/wp-json\/wp\/v2\/categories?post=68110"},{"taxonomy":"post_tag","embeddable":true,"href":"https:\/\/dralvarez.com.mx\/larevista\/wp-json\/wp\/v2\/tags?post=68110"}],"curies":[{"name":"wp","href":"https:\/\/api.w.org\/{rel}","templated":true}]}}