{"id":68102,"date":"2018-07-31T00:00:00","date_gmt":"2018-07-31T06:00:00","guid":{"rendered":"https:\/\/dralvarez.com.mx\/larevista\/blog\/dif-invita-a-las-abuelitas-y-abuelitos-al-evento-vive-diferente-haciendo-equipo-con-gente-grande-28107"},"modified":"2018-07-31T00:00:00","modified_gmt":"2018-07-31T06:00:00","slug":"dif-invita-a-las-abuelitas-y-abuelitos-al-evento-vive-diferente-haciendo-equipo-con-gente-grande-28107","status":"publish","type":"post","link":"https:\/\/dralvarez.com.mx\/larevista\/compeche\/dif-invita-a-las-abuelitas-y-abuelitos-al-evento-vive-diferente-haciendo-equipo-con-gente-grande-28107","title":{"rendered":"DIF invita a las abuelitas y abuelitos al evento \u201cvive diferente haciendo equipo con gente grande\u201d"},"content":{"rendered":"<\/p>\n<p>El Sistema Estatal para el Desarrollo Integral<br \/>\nde la Familia (DIF), a trav\u00e9s de la Direcci\u00f3n de Atenci\u00f3n Integral al Adulto<br \/>\nMayor (DAIAM), invita a las abuelitas y abuelitos a la Expo Adulto Mayor DIF<br \/>\nEstatal \u201cVive DIFerente Haciendo Equipo con Gente Grande\u201c, evento gratuito que<br \/>\nse llevar\u00e1 a cabo el pr\u00f3ximo 3 de agosto en la Unidad Deportiva 20 de Noviembre<br \/>\nde 9:00 a 14:00 horas, con el objetivo es festejar su aportaci\u00f3n a la sociedad<br \/>\ncampechana.<\/p>\n<p>La expo se realiza con la finalidad de lograr<br \/>\nuna convivencia familiar y ser un medio para que los adultos mayores adquieran<br \/>\nproductos para su salud y comodidad, entre ellos calzado para diab\u00e9ticos,<br \/>\naparatos funcionales, servicios de belleza gratuitos, artesan\u00edas y ropa t\u00edpica,<br \/>\nadem\u00e1s se contar\u00e1 con la participaci\u00f3n de expendedores del mercado verde como<br \/>\nuna alternativa de alimentaci\u00f3n, plantas, juegos, loter\u00eda campechana, pasarela<br \/>\nde adultos mayores, y todo el festival ser\u00e1 amenizado por el grupo \u201cSon Sabor\u201d.<\/p>\n<p><\/p>\n","protected":false},"excerpt":{"rendered":"<p>Se invita a las abuelitas y abuelitos a la Expo Adulto Mayor DIF Estatal \u201cVive DIFerente Haciendo Equipo con Gente Grande&#8230;<\/p>\n","protected":false},"author":1018,"featured_media":0,"comment_status":"open","ping_status":"open","sticky":false,"template":"","format":"standard","meta":{"tdm_status":"","tdm_grid_status":"","footnotes":""},"categories":[27],"tags":[],"_links":{"self":[{"href":"https:\/\/dralvarez.com.mx\/larevista\/wp-json\/wp\/v2\/posts\/68102"}],"collection":[{"href":"https:\/\/dralvarez.com.mx\/larevista\/wp-json\/wp\/v2\/posts"}],"about":[{"href":"https:\/\/dralvarez.com.mx\/larevista\/wp-json\/wp\/v2\/types\/post"}],"author":[{"embeddable":true,"href":"https:\/\/dralvarez.com.mx\/larevista\/wp-json\/wp\/v2\/users\/1018"}],"replies":[{"embeddable":true,"href":"https:\/\/dralvarez.com.mx\/larevista\/wp-json\/wp\/v2\/comments?post=68102"}],"version-history":[{"count":0,"href":"https:\/\/dralvarez.com.mx\/larevista\/wp-json\/wp\/v2\/posts\/68102\/revisions"}],"wp:attachment":[{"href":"https:\/\/dralvarez.com.mx\/larevista\/wp-json\/wp\/v2\/media?parent=68102"}],"wp:term":[{"taxonomy":"category","embeddable":true,"href":"https:\/\/dralvarez.com.mx\/larevista\/wp-json\/wp\/v2\/categories?post=68102"},{"taxonomy":"post_tag","embeddable":true,"href":"https:\/\/dralvarez.com.mx\/larevista\/wp-json\/wp\/v2\/tags?post=68102"}],"curies":[{"name":"wp","href":"https:\/\/api.w.org\/{rel}","templated":true}]}}