{"id":68080,"date":"2018-07-31T00:00:00","date_gmt":"2018-07-31T06:00:00","guid":{"rendered":"https:\/\/dralvarez.com.mx\/larevista\/blog\/conferencia-sobre-trata-de-personas-28084"},"modified":"2018-07-31T00:00:00","modified_gmt":"2018-07-31T06:00:00","slug":"conferencia-sobre-trata-de-personas-28084","status":"publish","type":"post","link":"https:\/\/dralvarez.com.mx\/larevista\/compeche\/conferencia-sobre-trata-de-personas-28084","title":{"rendered":"Conferencia sobre trata de personas"},"content":{"rendered":"<\/p>\n<p>En el marco de la conmemoraci\u00f3n del D\u00eda Mundial contra la Trata de<br \/>\nPersonas, la Secretar\u00eda General de Gobierno, imparti\u00f3 la conferencia \u201cLa Trata<br \/>\nde Personas, agravio a la dignidad humana\u201d, a fin de generar conciencia para la<br \/>\nerradicaci\u00f3n de ese delito, pues su pr\u00e1ctica quebranta lo m\u00e1s profundo del<br \/>\nentramado social, trasciende fronteras, muta, se adapta y extiende con<br \/>\nfacilidad. El taller fue impartido por el instructor V\u00edctor Manuel Castillo<br \/>\nGonz\u00e1lez, y al t\u00e9rmino, personal de la Direcci\u00f3n de Derechos Humanos de la<br \/>\nSegob, dio inicio a la campa\u00f1a de difusi\u00f3n \u201cCoraz\u00f3n Azul\u201d, distribuyendo una<br \/>\nserie de folletos y carteles entre la poblaci\u00f3n.<\/p>\n<p><\/p>\n","protected":false},"excerpt":{"rendered":"<p>La Secretar\u00eda General de Gobierno, imparti\u00f3 la conferencia \u201cLa Trata de Personas, agravio a la dignidad humana\u201d&#8230;<\/p>\n","protected":false},"author":1018,"featured_media":0,"comment_status":"open","ping_status":"open","sticky":false,"template":"","format":"standard","meta":{"tdm_status":"","tdm_grid_status":"","footnotes":""},"categories":[27],"tags":[],"_links":{"self":[{"href":"https:\/\/dralvarez.com.mx\/larevista\/wp-json\/wp\/v2\/posts\/68080"}],"collection":[{"href":"https:\/\/dralvarez.com.mx\/larevista\/wp-json\/wp\/v2\/posts"}],"about":[{"href":"https:\/\/dralvarez.com.mx\/larevista\/wp-json\/wp\/v2\/types\/post"}],"author":[{"embeddable":true,"href":"https:\/\/dralvarez.com.mx\/larevista\/wp-json\/wp\/v2\/users\/1018"}],"replies":[{"embeddable":true,"href":"https:\/\/dralvarez.com.mx\/larevista\/wp-json\/wp\/v2\/comments?post=68080"}],"version-history":[{"count":0,"href":"https:\/\/dralvarez.com.mx\/larevista\/wp-json\/wp\/v2\/posts\/68080\/revisions"}],"wp:attachment":[{"href":"https:\/\/dralvarez.com.mx\/larevista\/wp-json\/wp\/v2\/media?parent=68080"}],"wp:term":[{"taxonomy":"category","embeddable":true,"href":"https:\/\/dralvarez.com.mx\/larevista\/wp-json\/wp\/v2\/categories?post=68080"},{"taxonomy":"post_tag","embeddable":true,"href":"https:\/\/dralvarez.com.mx\/larevista\/wp-json\/wp\/v2\/tags?post=68080"}],"curies":[{"name":"wp","href":"https:\/\/api.w.org\/{rel}","templated":true}]}}