{"id":68079,"date":"2018-07-31T00:00:00","date_gmt":"2018-07-31T06:00:00","guid":{"rendered":"https:\/\/dralvarez.com.mx\/larevista\/blog\/premian-a-ganadores-estatales-del-10o-concurso-nacional-de-dibujo-aqui-estoy-contra-la-trata-de-personas-28083"},"modified":"2018-07-31T00:00:00","modified_gmt":"2018-07-31T06:00:00","slug":"premian-a-ganadores-estatales-del-10o-concurso-nacional-de-dibujo-aqui-estoy-contra-la-trata-de-personas-28083","status":"publish","type":"post","link":"https:\/\/dralvarez.com.mx\/larevista\/compeche\/premian-a-ganadores-estatales-del-10o-concurso-nacional-de-dibujo-aqui-estoy-contra-la-trata-de-personas-28083","title":{"rendered":"Premian a ganadores estatales del 10\u00ba concurso nacional de dibujo \u201caqu\u00ed estoy contra la trata de personas\u201d"},"content":{"rendered":"<\/p>\n<p>La Directora General del Sistema Estatal para el Desarrollo Integral de la Familia (DIF), Silvia Elena Parrao Arceo, en representaci\u00f3n de la Presidenta del Patronato del DIF Estatal, Christelle Casta\u00f1\u00f3n de Moreno, realiz\u00f3 la premiaci\u00f3n de los 20 mejores dibujos ganadores en la etapa estatal del 10\u00b0 Concurso de Dibujo \u201cAqu\u00ed Estoy contra la Trata de Personas\u201d e hizo entrega de material de promoci\u00f3n de la Campa\u00f1a Coraz\u00f3n Azul \u201c#Aquiestoy contra la trata de personas\u201d a los Sistemas Municipales DIF y Centros de Desarrollo Comunitarios (CDC) en evento celebrado en el sal\u00f3n \u201cLilia Reyes de L\u00f3pez Hern\u00e1ndez\u201d de la Mansi\u00f3n Carvajal.<\/p>\n<p>Acompa\u00f1ada por la Procuradora de Protecci\u00f3n de Ni\u00f1as, Ni\u00f1os y Adolescentes (PNNA) Teresita de Atocha Rodr\u00edguez Ch\u00ed, precis\u00f3 que Campeche se une a esta Campa\u00f1a a trav\u00e9s del concurso de dibujo \u201cAqu\u00ed estoy contra la Trata\u201d, iluminaci\u00f3n de edificios, la entrega de globos con el nombre de la campa\u00f1a y el n\u00famero telef\u00f3nico 01 800 55 33 000, para que la ciudadan\u00eda pueda colaborar y denunciar un delito de trata.<\/p>\n<p>El 10\u00b0 Concurso de Dibujo \u201cAqu\u00ed Estoy contra la Trata de personas se realiz\u00f3 por convocatoria del DIF Nacional, a trav\u00e9s de las Procuradur\u00edas de Protecci\u00f3n de las Ni\u00f1as, Ni\u00f1os y Adolescentes de los DIF Estatales, fortaleciendo las medidas de prevenci\u00f3n y protecci\u00f3n; asimismo, la campa\u00f1a \u201cCoraz\u00f3n Azul\u201d significa la tristeza y la sensibilidad pro la compra venta de seres humanos.<\/p>\n<p>En marzo de 2008, en Viena, Austria, la UNODC lanz\u00f3 la campa\u00f1a &#8220;Coraz\u00f3n Azul&#8221; contra la trata de personas, un movimiento que busca crear conciencia respecto de este delito y su impacto en la sociedad; posteriormente, M\u00e9xico se une el 22 de noviembre de ese mismo a\u00f1o.<\/p>\n<p>En su intervenci\u00f3n, Parrao Arceo felicit\u00f3 a los ni\u00f1os y ni\u00f1as por su decidida participaci\u00f3n, resaltando que han hecho excelente papel en diferentes concursos nacionales e internacionales, dejando en alto el nombre de Campeche.<\/p>\n<p>Los ganadores forman parte de las cuatro categor\u00edas, siendo en la de 6 a 8 a\u00f1os de edad el primer lugar para Vania Guadalupe Pacheco Medina, el segundo para Karelmi Nicole Ortiz Uc, el tercero para Jes\u00fas Antonio Morales Aguilar, el cuarto para Karolina Narel y el quinto sitio para Mauro Daniel Gonz\u00e1lez Reyes, todos del municipio de Campeche.<\/p>\n<p>De la categor\u00eda de 9 a 11 a\u00f1os, los ganadores fueron, del primero al quinto lugar, Lilian Cassiel Reyes Dzul (Hecelchak\u00e1n), Priscila Johana Tzuc Coll\u00ed (Hecelchak\u00e1n), Mar\u00eda Daniela P\u00e9rez Ure\u00f1a (Campeche), Irvin Ja\u00e9n \u00c1lvarez Lorenzo (Esc\u00e1rcega) y Dayra Yoselin Pallas L\u00f3pez (Esc\u00e1rcega), respectivamente.<\/p>\n<p>Mientras que los Ganadores de la categor\u00eda 12 a 14 a\u00f1os fueron Mar\u00eda de Jes\u00fas Garc\u00eda Caba\u00f1as (Carmen), Adriana Itzel Jim\u00e9nez Gonz\u00e1lez (Carmen), Mauricio Jes\u00fas Villalobos Camorlinga (Candelaria), Alex Jhosmar Rodr\u00edguez Jim\u00e9nez (Candelaria) y Jorge Abinadi Chabl\u00e9 Ordo\u00f1ez (Campeche), del primero al quinto sitio, respectivamente.<\/p>\n<p>En la categor\u00eda de 15 a 17 a\u00f1os 11 meses, los ganadores fueron Irene Pamela Dom\u00ednguez Cahuich (Carmen), Jes\u00fas Manuel Ju\u00e1rez G\u00f3mez (Carmen), Ricardo Mu\u00f1oz Acosta (Candelaria), Ang\u00e9lica Mar\u00eda Cab Mu\u00f1oz (Campeche) y Nicole Ximena F\u00e9lix Iturriaga (Carmen).<\/p>\n<p>Al evento tambi\u00e9n asistieron el titular de la Secretar\u00eda de Cultura (SECULT), Delio Carrillo P\u00e9rez; la Secretaria Ejecutiva de SIPINNA, Katia Vanessa Barrera Blanquet; en representaci\u00f3n de la Secretar\u00eda de Educaci\u00f3n (SEDUC), Ram\u00f3n Cuevas L\u00f3pez, y la Presidenta del Patronato del Sistema DIF Municipal de Esc\u00e1rcega, Amantina Uc Paredes.<\/p><\/p>\n","protected":false},"excerpt":{"rendered":"<p>El 10\u00b0 Concurso de Dibujo \u201cAqu\u00ed Estoy contra la Trata de personas se realiz\u00f3 por convocatoria del DIF Nacional&#8230;<\/p>\n","protected":false},"author":1018,"featured_media":0,"comment_status":"open","ping_status":"open","sticky":false,"template":"","format":"standard","meta":{"tdm_status":"","tdm_grid_status":"","footnotes":""},"categories":[27],"tags":[],"_links":{"self":[{"href":"https:\/\/dralvarez.com.mx\/larevista\/wp-json\/wp\/v2\/posts\/68079"}],"collection":[{"href":"https:\/\/dralvarez.com.mx\/larevista\/wp-json\/wp\/v2\/posts"}],"about":[{"href":"https:\/\/dralvarez.com.mx\/larevista\/wp-json\/wp\/v2\/types\/post"}],"author":[{"embeddable":true,"href":"https:\/\/dralvarez.com.mx\/larevista\/wp-json\/wp\/v2\/users\/1018"}],"replies":[{"embeddable":true,"href":"https:\/\/dralvarez.com.mx\/larevista\/wp-json\/wp\/v2\/comments?post=68079"}],"version-history":[{"count":0,"href":"https:\/\/dralvarez.com.mx\/larevista\/wp-json\/wp\/v2\/posts\/68079\/revisions"}],"wp:attachment":[{"href":"https:\/\/dralvarez.com.mx\/larevista\/wp-json\/wp\/v2\/media?parent=68079"}],"wp:term":[{"taxonomy":"category","embeddable":true,"href":"https:\/\/dralvarez.com.mx\/larevista\/wp-json\/wp\/v2\/categories?post=68079"},{"taxonomy":"post_tag","embeddable":true,"href":"https:\/\/dralvarez.com.mx\/larevista\/wp-json\/wp\/v2\/tags?post=68079"}],"curies":[{"name":"wp","href":"https:\/\/api.w.org\/{rel}","templated":true}]}}