{"id":68078,"date":"2018-07-31T00:00:00","date_gmt":"2018-07-31T06:00:00","guid":{"rendered":"https:\/\/dralvarez.com.mx\/larevista\/blog\/mas-de-un-millon-de-pesos-entrega-gobernador-amc-para-respaldar-proyectos-juveniles-28082"},"modified":"2018-07-31T00:00:00","modified_gmt":"2018-07-31T06:00:00","slug":"mas-de-un-millon-de-pesos-entrega-gobernador-amc-para-respaldar-proyectos-juveniles-28082","status":"publish","type":"post","link":"https:\/\/dralvarez.com.mx\/larevista\/compeche\/mas-de-un-millon-de-pesos-entrega-gobernador-amc-para-respaldar-proyectos-juveniles-28082","title":{"rendered":"M\u00e1s de un mill\u00f3n de pesos entrega gobernador AMC para respaldar proyectos juveniles"},"content":{"rendered":"<\/p>\n<p>Para fortalecer el<br \/>\ndesarrollo de proyectos de emprendimiento y sociales de la juventud campechana,<br \/>\nel gobernador Alejandro Moreno C\u00e1rdenas y el director general del Instituto<br \/>\nMexicano de la Juventud (Imjuve), M\u00e1ximo Quintana Haddad, entregaron recursos<br \/>\nfederales por m\u00e1s de un mill\u00f3n de pesos a los centros de Poder Joven, Casa del<br \/>\nEmprendedor, Proyectos Locales Juveniles, Poder Joven Radio y Televisi\u00f3n, y<br \/>\nProjuventudes 2018.<\/p>\n<p>En el Centro de Convenciones<br \/>\ny Exposiciones \u201cCampeche XXI\u201d, el jefe del Ejecutivo estatal resalt\u00f3 que la<br \/>\ngeneraci\u00f3n actual de j\u00f3venes har\u00e1 posible que M\u00e9xico y Campeche transiten por la<br \/>\nera de modernidad, transformaci\u00f3n y desarrollo.<\/p>\n<p>Asegur\u00f3 que su administraci\u00f3n<br \/>\ntrabaja todos los d\u00edas para que los j\u00f3venes tengan las herramientas necesarias<br \/>\nque los ayude a construir un mejor futuro y para que todo lo que aprendan pueda<br \/>\nser aplicado en beneficio de la sociedad.<\/p>\n<p>Precis\u00f3 que en poco menos de<br \/>\ntres a\u00f1os que lleva su gobierno se han entregado m\u00e1s de 30 mil computablets, se<br \/>\nimplement\u00f3 el transporte escolar gratuito con 100 autobuses que movilizan a<br \/>\nni\u00f1as, ni\u00f1os y j\u00f3venes de 10 municipios, y se puso en marcha el programa <i>Google for Education<\/i>.<\/p>\n<p>Luego de entregar un<br \/>\nreconocimiento al representante del Colectivo \u201cGuerreros en Acci\u00f3n\u201d, Eduardo<br \/>\nCan Chan por  poner en marcha acciones de<br \/>\ndifusi\u00f3n y sensibilizaci\u00f3n en el tema de prevenci\u00f3n de embarazos en<br \/>\nadolecentes, Moreno C\u00e1rdenas pidi\u00f3 a los j\u00f3venes mantenerse firmes en la convicci\u00f3n<br \/>\nde establecerse metas y trabajar con seguridad, actitud y confianza para alcanzarlas.<\/p>\n<p>Por su parte, el director<br \/>\ngeneral del Imjuve, enfatiz\u00f3 que durante la administraci\u00f3n del presidente de la<br \/>\nRep\u00fablica, Enrique Pe\u00f1a Nieto, se han alcanzado al 100 por ciento las l\u00edneas de<br \/>\nacci\u00f3n en materia de juventud, al tiempo que reiter\u00f3 su compromiso de seguir<br \/>\ntrabajando en conjunto con la administraci\u00f3n estatal para alcanzar el m\u00e1ximo<br \/>\npotencial de la juventud campechana y que todos tengan las mejores opotunidades<br \/>\npara cambiar sus condiciones de vida y forjar un mejor futuro.<\/p>\n<p>Antes, el director general<br \/>\ndel Instituto de la Juventud del Estado, Ariel Javier Ruiz Carrillo, destac\u00f3<br \/>\nque en lo que va de la administraci\u00f3n de Moreno C\u00e1rdenas se construyeron y<br \/>\nmodernizaron en todos los municipios los centros Poder Joven; se cre\u00f3 la Casa<br \/>\ndel Emprendedor para que puedan desarrollar ideas y proyectos productivos y por<br \/>\nprimera vez, en nueve municipios, se puso en marcha el programa de vinculaci\u00f3n<br \/>\nescuela-trabajo beneficiando con becas a j\u00f3venes de entre 20 y 29 a\u00f1os que ya<br \/>\nconcluyeron o est\u00e1n por terminar sus estudios profesionales.<\/p>\n<p>El recurso federal entregado<br \/>\nasciende a un mill\u00f3n 55 mil 500 pesos. De este total, corresponde a los centros<br \/>\nPoder Joven, 350 mil pesos; a la Casa del Emprendedor, 100 mil pesos; para<br \/>\nproyectos locales juveniles en la modalidad de vinculaci\u00f3n escuela-trabajo, 205<br \/>\nmil 500 pesos; a Poder Joven Radio y Televisi\u00f3n, que beca a 30 j\u00f3venes,  360 mil pesos y &nbsp;al programa Projuventudes 2018, 40 mil pesos,<br \/>\npara apoyar especificamente el grupo \u201cGuerreros en Acci\u00f3n\u201d en su proyecto de<br \/>\nprevenci\u00f3n.<\/p>\n<p>Tambi\u00e9n estuvieron presentes,<br \/>\nla titular del Poder Legislativo, Laura Baqueiro Ramos; el delegado federal de<br \/>\nla Sedesol, Jorge Abraham Quijano y el encargado del despacho de la Sedesyh,<br \/>\nLuis Jorge Medina Minet<\/p><\/p>\n","protected":false},"excerpt":{"rendered":"<p>El jefe del Ejecutivo estatal resalt\u00f3 que la generaci\u00f3n actual de j\u00f3venes har\u00e1 posible que M\u00e9xico y Campeche transiten por la era de modernidad, trans<\/p>\n","protected":false},"author":1018,"featured_media":0,"comment_status":"open","ping_status":"open","sticky":false,"template":"","format":"standard","meta":{"tdm_status":"","tdm_grid_status":"","footnotes":""},"categories":[27],"tags":[],"_links":{"self":[{"href":"https:\/\/dralvarez.com.mx\/larevista\/wp-json\/wp\/v2\/posts\/68078"}],"collection":[{"href":"https:\/\/dralvarez.com.mx\/larevista\/wp-json\/wp\/v2\/posts"}],"about":[{"href":"https:\/\/dralvarez.com.mx\/larevista\/wp-json\/wp\/v2\/types\/post"}],"author":[{"embeddable":true,"href":"https:\/\/dralvarez.com.mx\/larevista\/wp-json\/wp\/v2\/users\/1018"}],"replies":[{"embeddable":true,"href":"https:\/\/dralvarez.com.mx\/larevista\/wp-json\/wp\/v2\/comments?post=68078"}],"version-history":[{"count":0,"href":"https:\/\/dralvarez.com.mx\/larevista\/wp-json\/wp\/v2\/posts\/68078\/revisions"}],"wp:attachment":[{"href":"https:\/\/dralvarez.com.mx\/larevista\/wp-json\/wp\/v2\/media?parent=68078"}],"wp:term":[{"taxonomy":"category","embeddable":true,"href":"https:\/\/dralvarez.com.mx\/larevista\/wp-json\/wp\/v2\/categories?post=68078"},{"taxonomy":"post_tag","embeddable":true,"href":"https:\/\/dralvarez.com.mx\/larevista\/wp-json\/wp\/v2\/tags?post=68078"}],"curies":[{"name":"wp","href":"https:\/\/api.w.org\/{rel}","templated":true}]}}