{"id":68069,"date":"2018-07-30T00:00:00","date_gmt":"2018-07-30T06:00:00","guid":{"rendered":"https:\/\/dralvarez.com.mx\/larevista\/blog\/gobernador-amc-inaugura-edificio-de-salas-de-audiencia-oral-28073"},"modified":"2018-07-30T00:00:00","modified_gmt":"2018-07-30T06:00:00","slug":"gobernador-amc-inaugura-edificio-de-salas-de-audiencia-oral-28073","status":"publish","type":"post","link":"https:\/\/dralvarez.com.mx\/larevista\/compeche\/gobernador-amc-inaugura-edificio-de-salas-de-audiencia-oral-28073","title":{"rendered":"Gobernador AMC inaugura edificio de salas de audiencia oral"},"content":{"rendered":"<\/p>\n<p>Con inversi\u00f3n de m\u00e1s de 112 millones de pesos, el gobernador<br \/>\nAlejandro Moreno C\u00e1rdenas inaugur\u00f3 el edificio de Salas de Audiencia Oral del<br \/>\nSistema de Justicia Penal Acusatorio de Campeche que pone al estado a la<br \/>\nvanguardia y con la mejor infraestructura para hacer m\u00e1s eficiente los procesos<br \/>\npenales acusatorios y orales en todas sus fases.<\/p>\n<p>En la sede, ubicada en las inmediaciones de las<br \/>\navenidas H\u00e9roe de Nacozari y L\u00f3pez Portillo, el mandatario estatal enfatiz\u00f3 que<br \/>\ncon la inauguraci\u00f3n del inmueble, Campeche da cumplimiento a la ley y deja en<br \/>\nclaro que existe el compromiso de trabajar en equipo para servirle y darle<br \/>\nresultados a la gente.<\/p>\n<p>\u201cEl ideal de justicia para todos tiene hoy m\u00e1s<br \/>\nvigencia que nunca, un ideal que adem\u00e1s privilegia la presunci\u00f3n de inocencia como<br \/>\neje rector de una concepci\u00f3n de la justicia, donde nadie es culpable sino hasta<br \/>\nque se demuestre lo contrario\u201d, mencion\u00f3 durante le ceremonia que se llev\u00f3 a<br \/>\ncabo en el \u00e1rea de estacionamiento del nuevo inmueble.<\/p>\n<p>Moreno C\u00e1rdenas coment\u00f3 que con este espacio no solo<br \/>\nse fortalecen la infraestructura y las instituciones, sino la armon\u00eda derivada<br \/>\nde darle a cada quien lo suyo, que es el verdadero fin de la justicia.<\/p>\n<p>A\u00f1adi\u00f3 que tambi\u00e9n permite al Poder Judicial cumplir<br \/>\ncon la misi\u00f3n constitucional acorde a los cambios ocurridos en materia de<br \/>\nimpartici\u00f3n de justicia en todo el pa\u00eds; brindar certeza a la ciudadan\u00eda, y sobre<br \/>\ntodo, otorgar justicia conforme a las fuentes del Derecho, como son la ley y la<br \/>\njurisprudencia.<\/p>\n<p>Dijo que los campechanos est\u00e1n logrando que el nuevo<br \/>\nsistema funcione a plenitud, y en ese tenor el Poder Judicial cuenta con<br \/>\nservidores p\u00fablicos con adecuada formaci\u00f3n profesional y enorme capacidad para<br \/>\ndar los mejores resultados a la poblaci\u00f3n.<\/p>\n<p>El titular del Ejecutivo estatal reiter\u00f3 el<br \/>\ncompromiso que tienen los tres poderes de trabajar juntos, con pleno respeto a<br \/>\nsu autonom\u00eda, para seguir construyendo un ambiente de paz, armon\u00eda y<br \/>\ntranquilidad. \u201cSon tiempos de unidad y de pensar siempre en lo mejor para el estado<br \/>\ny las familias\u201d, apunt\u00f3.<\/p>\n<p>Antes, el presidente del Tribunal Superior de Justicia,<br \/>\nMiguel \u00c1ngel Chuc L\u00f3pez, coment\u00f3  que el recinto<br \/>\njurisdiccional albergar\u00e1 los juzgados de control y tribunal de enjuiciamiento<br \/>\ndel sistema penal acusatorio y oral de primera instancia en el primer distrito<br \/>\njudicial, as\u00ed como al especializado en el sistema integral de justicia para<br \/>\nadolescentes y seis salas de audiencia oral.<\/p>\n<p>Se\u00f1al\u00f3 que invertir en la justicia campechana es invertir<br \/>\nen el bienestar social y garantizar la impartici\u00f3n de justicia pronta, expedita<br \/>\ny respetuosa de los derechos de todos.<\/p>\n<p>Manifest\u00f3 que el edificio de Salas de Audiencia Oral<br \/>\nadem\u00e1s de contar con el mobiliario necesario para los actores involucrados<br \/>\n(v\u00edctimas, imputados, fiscales, defensores, polic\u00eda procesal, testigos, jueces,<br \/>\nencargados de sala y p\u00fablico), est\u00e1 equipado con infraestructura tecnol\u00f3gica<br \/>\nacorde a los requerimientos.<\/p>\n<p>Precis\u00f3 que todos los jueces del sistema penal<br \/>\nestar\u00e1n en una sola sede, lo que permitir\u00e1 que se eliminen lapsos muertos entre<br \/>\ntraslados y mejore el tiempo de respuesta a la solicitud de los operadores.<\/p>\n<p>En su oportunidad, la administradora general de<br \/>\njuzgados de control, Kitzia Garc\u00eda Monge, explic\u00f3 que en la construcci\u00f3n y<br \/>\nequipamiento del nuevo edificio se invirtieron m\u00e1s de 112 millones 271 mil<br \/>\npesos.<\/p>\n<p>Indic\u00f3 que el inmueble est\u00e1 dise\u00f1ado para brindar<br \/>\nespacios decorosos y cumple con los requisitos que se\u00f1ala la reforma en materia<br \/>\ndel sistema penal acusatorio.<\/p>\n<p>Mencion\u00f3 que en las<br \/>\nprimeras cinco etapas del recinto se<br \/>\ndestinaron recursos superiores a los 85.4 millones de pesos, y que en la sexta,<br \/>\npr\u00f3xima a iniciar, se invertir\u00e1n poco m\u00e1s de seis millones 635 mil pesos, en<br \/>\ntanto para equipamiento y adquisici\u00f3n de tecnolog\u00eda se canalizaron m\u00e1s de 19<br \/>\nmillones 69 mil pesos.<\/p>\n<p>Explic\u00f3 que el inmueble es de dos plantas, ocupa un \u00e1rea<br \/>\nde construcci\u00f3n de 11 mil 366 metros cuadros y cuenta con los siguientes<br \/>\nespacios: vest\u00edbulo, \u00e1rea de revisi\u00f3n, cuarto de equipos de comunicaci\u00f3n, sala<br \/>\nde encargados de seguimiento de causa, seis salas de audiencia, \u00e1reas de<br \/>\nmediaci\u00f3n y conciliaci\u00f3n, \u00e1reas para notificadores, testigos, defensores,<br \/>\nministerios p\u00fablicos, asesores jur\u00eddicos y para polic\u00eda procesal; as\u00ed como consultorio<br \/>\nm\u00e9dico, salas de espera, \u00e1rea l\u00fadica, oficinas administrativas, cub\u00edculos de<br \/>\njueces con acceso directo a salas de audiencia y seis <i>mezanine<\/i> para visualizar las audiencias, entre otros.<\/p>\n<p>Tras la ceremonia,<br \/>\nMoreno C\u00e1rdenas acompa\u00f1ado de la presidenta de la Junta de Gobierno y<br \/>\nAdministraci\u00f3n del Congreso del Estado, Laura Baqueiro Ramos y del titular del<br \/>\nPoder Judicial, cort\u00f3 el list\u00f3n inaugural y recorri\u00f3 el interior del edificio<br \/>\ndonde presenci\u00f3 un simulacro de audiencia de juicio oral.<\/p>\n<p>Al evento asistieron el secretario general de<br \/>\nGobierno, Carlos Miguel Aysa Gonz\u00e1lez; el fiscal general del Estado, Juan<br \/>\nManuel Herrera Campos; el secretario de Seguridad P\u00fablica, Jorge Arg\u00e1ez Uribe;<br \/>\nel alcalde de Campeche, Edgar Hern\u00e1ndez Hern\u00e1ndez; el secretario ejecutivo del<br \/>\nCESP, Manuel Lanz Novelo; el director del Instituto de Acceso a la Justicia, Jos\u00e9<br \/>\nAlberto Calder\u00f3n Silva y representantes de instituciones civiles, de abogados, notarios,<br \/>\nestudiantes y servidores p\u00fablicos del Poder Judicial.<\/p>\n<p><\/p>\n","protected":false},"excerpt":{"rendered":"<p>Con inversi\u00f3n de m\u00e1s de 112 millones de pesos, el gobernador Alejandro Moreno C\u00e1rdenas inaugur\u00f3 el edificio de Salas de Audiencia Oral&#8230;<\/p>\n","protected":false},"author":1018,"featured_media":0,"comment_status":"open","ping_status":"open","sticky":false,"template":"","format":"standard","meta":{"tdm_status":"","tdm_grid_status":"","footnotes":""},"categories":[27],"tags":[],"_links":{"self":[{"href":"https:\/\/dralvarez.com.mx\/larevista\/wp-json\/wp\/v2\/posts\/68069"}],"collection":[{"href":"https:\/\/dralvarez.com.mx\/larevista\/wp-json\/wp\/v2\/posts"}],"about":[{"href":"https:\/\/dralvarez.com.mx\/larevista\/wp-json\/wp\/v2\/types\/post"}],"author":[{"embeddable":true,"href":"https:\/\/dralvarez.com.mx\/larevista\/wp-json\/wp\/v2\/users\/1018"}],"replies":[{"embeddable":true,"href":"https:\/\/dralvarez.com.mx\/larevista\/wp-json\/wp\/v2\/comments?post=68069"}],"version-history":[{"count":0,"href":"https:\/\/dralvarez.com.mx\/larevista\/wp-json\/wp\/v2\/posts\/68069\/revisions"}],"wp:attachment":[{"href":"https:\/\/dralvarez.com.mx\/larevista\/wp-json\/wp\/v2\/media?parent=68069"}],"wp:term":[{"taxonomy":"category","embeddable":true,"href":"https:\/\/dralvarez.com.mx\/larevista\/wp-json\/wp\/v2\/categories?post=68069"},{"taxonomy":"post_tag","embeddable":true,"href":"https:\/\/dralvarez.com.mx\/larevista\/wp-json\/wp\/v2\/tags?post=68069"}],"curies":[{"name":"wp","href":"https:\/\/api.w.org\/{rel}","templated":true}]}}