{"id":68068,"date":"2018-07-30T00:00:00","date_gmt":"2018-07-30T06:00:00","guid":{"rendered":"https:\/\/dralvarez.com.mx\/larevista\/blog\/culminan-cursos-de-verano-de-la-apicam-en-playa-bonita-y-faro-isla-arena-28072"},"modified":"2018-07-30T00:00:00","modified_gmt":"2018-07-30T06:00:00","slug":"culminan-cursos-de-verano-de-la-apicam-en-playa-bonita-y-faro-isla-arena-28072","status":"publish","type":"post","link":"https:\/\/dralvarez.com.mx\/larevista\/compeche\/culminan-cursos-de-verano-de-la-apicam-en-playa-bonita-y-faro-isla-arena-28072","title":{"rendered":"Culminan cursos de verano de la APICAM en playa bonita y faro isla arena"},"content":{"rendered":"<\/p>\n<p>Despu\u00e9s de dos semanas de intensa actividad, concluyeron los cursos de verano que la Administraci\u00f3n Portuaria Integral de Campeche (APICAM), a trav\u00e9s del Programa Puerto y Ciudad, realizaron por tercer a\u00f1o consecutivo en el balneario de Playa Bonita y el Complejo Tur\u00edstico-Cultural Faro de Isla Arena.<\/p>\n<p>Fueron 82 ni\u00f1os y ni\u00f1as de entre 6 y 12 a\u00f1os de edad que participaron en el curso de Playa Bonita, incluidos los ni\u00f1os y ni\u00f1as en fase de vigilancia del Centro Estatal de Oncolog\u00eda (CEO), del Centro de Desarrollo Comunitario (CDC) San Francisco Kob\u00e9n, de la comunidad portuaria de Lerma e hijos de trabajadores de la empresa, con actividades como nataci\u00f3n, futbol, volibol, circuitos, loter\u00eda n\u00e1utica, la asistencia a la obra musical \u201cEl Libro de la Selva\u201d y jumping, entre otras.<\/p>\n<p>Durante la ceremonia de clausura, Angelina Gonz\u00e1lez Guerrero, gerente de Control y Gesti\u00f3n Social, en representaci\u00f3n del director general de la APICAM, Alejandro Manzanilla &nbsp;Casanova, entreg\u00f3 constancias a todos los inscritos y agradeci\u00f3 su participaci\u00f3n.<\/p>\n<p>Destac\u00f3 que la APICAM invirti\u00f3 recurso humano y material con el \u00fanico fin de lograr un sano entrenamiento para los peque\u00f1os en la temporada vacacional \u201cesperamos continuar fortaleciendo y diversificando los cursos, para cada a\u00f1o el n\u00famero de participantes se incremente\u201d, dijo.<\/p>\n<p>Por su parte, Fernando Manzanilla Casanova, representante del CEO, reconoci\u00f3 la labor de todos los involucrados, ya que permite a los pacientes reintegrarse a las actividades psicosociales, y a su vida diaria cotidiana posterior al tratamiento.<\/p>\n<p>En Isla Arena, se impartieron seis talleres, atendiendo a 55 ni\u00f1os y ni\u00f1as en total, y en la clausura se present\u00f3 el mosaico con estampas de Estados como Campeche, Yucat\u00e1n, Baja California y Jalisco, como parte del taller de folklor; y la exhibici\u00f3n de los trabajos realizados en los talleres de esgrafiado sobre yeso, pintura sobre tela y t\u00e9cnicas mixtas. Los ni\u00f1os y ni\u00f1as recibieron sus constancias y disfrutaron del brincol\u00edn y un refrigerio.<\/p><\/p>\n","protected":false},"excerpt":{"rendered":"<p>Despu\u00e9s de dos semanas de intensa actividad, concluyeron los cursos de verano que la Administraci\u00f3n Portuaria Integral de Campeche (APICAM)&#8230;<\/p>\n","protected":false},"author":1018,"featured_media":0,"comment_status":"open","ping_status":"open","sticky":false,"template":"","format":"standard","meta":{"tdm_status":"","tdm_grid_status":"","footnotes":""},"categories":[27],"tags":[],"_links":{"self":[{"href":"https:\/\/dralvarez.com.mx\/larevista\/wp-json\/wp\/v2\/posts\/68068"}],"collection":[{"href":"https:\/\/dralvarez.com.mx\/larevista\/wp-json\/wp\/v2\/posts"}],"about":[{"href":"https:\/\/dralvarez.com.mx\/larevista\/wp-json\/wp\/v2\/types\/post"}],"author":[{"embeddable":true,"href":"https:\/\/dralvarez.com.mx\/larevista\/wp-json\/wp\/v2\/users\/1018"}],"replies":[{"embeddable":true,"href":"https:\/\/dralvarez.com.mx\/larevista\/wp-json\/wp\/v2\/comments?post=68068"}],"version-history":[{"count":0,"href":"https:\/\/dralvarez.com.mx\/larevista\/wp-json\/wp\/v2\/posts\/68068\/revisions"}],"wp:attachment":[{"href":"https:\/\/dralvarez.com.mx\/larevista\/wp-json\/wp\/v2\/media?parent=68068"}],"wp:term":[{"taxonomy":"category","embeddable":true,"href":"https:\/\/dralvarez.com.mx\/larevista\/wp-json\/wp\/v2\/categories?post=68068"},{"taxonomy":"post_tag","embeddable":true,"href":"https:\/\/dralvarez.com.mx\/larevista\/wp-json\/wp\/v2\/tags?post=68068"}],"curies":[{"name":"wp","href":"https:\/\/api.w.org\/{rel}","templated":true}]}}