{"id":68005,"date":"2018-07-27T00:00:00","date_gmt":"2018-07-27T06:00:00","guid":{"rendered":"https:\/\/dralvarez.com.mx\/larevista\/blog\/se-fortalecen-tiendas-de-abarrotes-y-miscelaneas-con-infraestructura-y-equipamiento-productivo-28008"},"modified":"2018-07-27T00:00:00","modified_gmt":"2018-07-27T06:00:00","slug":"se-fortalecen-tiendas-de-abarrotes-y-miscelaneas-con-infraestructura-y-equipamiento-productivo-28008","status":"publish","type":"post","link":"https:\/\/dralvarez.com.mx\/larevista\/compeche\/se-fortalecen-tiendas-de-abarrotes-y-miscelaneas-con-infraestructura-y-equipamiento-productivo-28008","title":{"rendered":"Se fortalecen tiendas de abarrotes y miscel\u00e1neas con infraestructura y equipamiento productivo"},"content":{"rendered":"<\/p>\n<p>La Secretar\u00eda de Desarrollo Econ\u00f3mico (SEDECO) da a conocer que a trav\u00e9s del proyecto \u201cDemocratizaci\u00f3n de la productividad en el comercio de distribuci\u00f3n al detalle de alimentos\u201d, desarrollado en conjunto con el Instituto Nacional del Emprendedor (INADEM), 30 microempresas entre tiendas de abarrotes, miscel\u00e1neas y tradicionales, fortalecen su actividad comercial con infraestructura y equipamiento, buscando generar un proceso de desarrollo competitivo por medio de la democratizaci\u00f3n de la productividad en las microempresas de comercio minorista en el Estado.<\/p>\n<p>El titular de la SEDECO, Jos\u00e9 Domingo Berzunza Esp\u00ednola, detall\u00f3 que el objetivo es incrementar las ventas y asegurar la permanencia de estas empresas en el mercado, \u201cpor eso trabajamos con las tiendas que comercializan un mayor n\u00famero de productos campechanos y se ubican en zonas cercanas a centros comerciales y tiendas de franquicia, propiciando la competencia\u201d; asimismo, destac\u00f3 que este proyecto se desarrolla de manera conjunta con la Federaci\u00f3n del Peque\u00f1o Comercio en el Estado de Campeche, que preside Mar\u00eda Candelaria Gonz\u00e1lez Caj\u00fan.<\/p>\n<p><\/p>\n","protected":false},"excerpt":{"rendered":"<p>La Secretar\u00eda de Desarrollo Econ\u00f3mico da a conocer que a trav\u00e9s del proyecto \u201cDemocratizaci\u00f3n de la productividad en el comercio de distribuci\u00f3n al de<\/p>\n","protected":false},"author":1018,"featured_media":0,"comment_status":"open","ping_status":"open","sticky":false,"template":"","format":"standard","meta":{"tdm_status":"","tdm_grid_status":"","footnotes":""},"categories":[27],"tags":[],"_links":{"self":[{"href":"https:\/\/dralvarez.com.mx\/larevista\/wp-json\/wp\/v2\/posts\/68005"}],"collection":[{"href":"https:\/\/dralvarez.com.mx\/larevista\/wp-json\/wp\/v2\/posts"}],"about":[{"href":"https:\/\/dralvarez.com.mx\/larevista\/wp-json\/wp\/v2\/types\/post"}],"author":[{"embeddable":true,"href":"https:\/\/dralvarez.com.mx\/larevista\/wp-json\/wp\/v2\/users\/1018"}],"replies":[{"embeddable":true,"href":"https:\/\/dralvarez.com.mx\/larevista\/wp-json\/wp\/v2\/comments?post=68005"}],"version-history":[{"count":0,"href":"https:\/\/dralvarez.com.mx\/larevista\/wp-json\/wp\/v2\/posts\/68005\/revisions"}],"wp:attachment":[{"href":"https:\/\/dralvarez.com.mx\/larevista\/wp-json\/wp\/v2\/media?parent=68005"}],"wp:term":[{"taxonomy":"category","embeddable":true,"href":"https:\/\/dralvarez.com.mx\/larevista\/wp-json\/wp\/v2\/categories?post=68005"},{"taxonomy":"post_tag","embeddable":true,"href":"https:\/\/dralvarez.com.mx\/larevista\/wp-json\/wp\/v2\/tags?post=68005"}],"curies":[{"name":"wp","href":"https:\/\/api.w.org\/{rel}","templated":true}]}}