{"id":68004,"date":"2018-07-27T00:00:00","date_gmt":"2018-07-27T06:00:00","guid":{"rendered":"https:\/\/dralvarez.com.mx\/larevista\/blog\/invertir-en-educacion-es-impulsar-el-desarrollo-de-campeche-medina-farfan-28007"},"modified":"2018-07-27T00:00:00","modified_gmt":"2018-07-27T06:00:00","slug":"invertir-en-educacion-es-impulsar-el-desarrollo-de-campeche-medina-farfan-28007","status":"publish","type":"post","link":"https:\/\/dralvarez.com.mx\/larevista\/compeche\/invertir-en-educacion-es-impulsar-el-desarrollo-de-campeche-medina-farfan-28007","title":{"rendered":"Invertir en educaci\u00f3n es impulsar el desarrollo de Campeche: Medina Farf\u00e1n"},"content":{"rendered":"<\/p>\n<p>\u201cNo<br \/>\nhay mejor inversi\u00f3n que la que se realiza cuando se aporta a la educaci\u00f3n,<br \/>\nporque se eroga un recurso a favor de nuestras ni\u00f1as, ni\u00f1os y j\u00f3venes, son<br \/>\nellos quienes representan lo mejor que tenemos en el Estado, y buscar las<br \/>\nalianzas que permitan contribuir para su formaci\u00f3n, es fundamental para con<br \/>\nello lograr que alcancen todas sus metas y que al mismo tiempo, coadyuven en el<br \/>\ndesarrollo de nuestra entidad\u201d, afirm\u00f3 el titular de la Secretar\u00eda de Educaci\u00f3n<br \/>\n(SEDUC), Ricardo Medina Farf\u00e1n, durante la entrega de Becas Linde Scholars a 10<br \/>\nj\u00f3venes campechanos que cursar\u00e1n sus estudios de nivel superior en la<br \/>\nUniversidad de Monterrey (UDEM).<\/p>\n<p>En<br \/>\nel acto realizado en el Sal\u00f3n de Usos M\u00faltiples del Archivo General del Estado<br \/>\n(AGEC), el titular de la SEDUC, junto con Andrew Ripley, director de la Planta<br \/>\nNitr\u00f3geno de Cantarell de Grupo Linde, y de Agust\u00edn Landa Garc\u00eda Telles,<br \/>\nvicerrector de Desarrollo de la UDEM, felicit\u00f3 a los alumnos que, gracias a su<br \/>\nesfuerzo y resultados destacados en los diversos ex\u00e1menes de admisi\u00f3n, a partir<br \/>\nde este 26 de julio estar\u00e1n en Monterrey, Nuevo Le\u00f3n, &nbsp;para cursar sus estudios de licenciatura en la<br \/>\nprestigiosa Universidad.<\/p>\n<p>Al<br \/>\ndirigir un mensaje ante los estudiantes, autoridades educativas y familiares de<br \/>\nlos beneficiados, Medina Farf\u00e1n signific\u00f3 que estas acciones impulsadas por el Gobernador<br \/>\nAlejandro Moreno C\u00e1rdenas representan una oportunidad \u00fanica para que los<br \/>\nj\u00f3venes tengan una mejor perspectiva de futuro, con la cual, m\u00e1s adelante, al<br \/>\nconcluir sus estudios, regresen a Campeche y a trav\u00e9s de los conocimientos<br \/>\nadquiridos, contribuyan positivamente en su desarrollo.<\/p>\n<p>\u201cLo<br \/>\nque hoy reciben representa un magn\u00edfica oportunidad de vida, una oportunidad<br \/>\npara que demuestren el talento que tienen, para que pongan el nombre de nuestro<br \/>\nEstado en alto y demostrar que tenemos gente muy talentosa y comprometida;<br \/>\nporque as\u00ed como Grupo Linde invierte en Campeche a trav\u00e9s de ustedes, ustedes<br \/>\ntienen el compromiso de regresar a sus comunidades para forjar acciones que<br \/>\nretribuyan lo que se les ha brindado y eso es algo de lo que se deben sentir<br \/>\norgullosos\u201d, refiri\u00f3.<\/p>\n<p>En<br \/>\nnombre del Gobierno del Estado, el funcionario estatal reconoci\u00f3 la alianza con<br \/>\nGrupo Linde, a quienes resalt\u00f3 son una empresa que realiza acciones para el<br \/>\ndesarrollo econ\u00f3mico de la entidad y con estas becas adem\u00e1s demuestran su<br \/>\ncompromiso con la entidad, al invertir en lo m\u00e1s importante que se tiene que<br \/>\nson los j\u00f3venes y su educaci\u00f3n.<\/p>\n<p>Por<br \/>\nsu parte, al hacer uso de la palabra, los representantes de Grupo Linde y la<br \/>\nUDEM coincidieron en que estos apoyos constituyen una suma de esfuerzos entre<br \/>\nambas instituciones y son \u00fanicos en su tipo, los cuales se otorgan a j\u00f3venes<br \/>\ncampechanos para potenciar sus capacidades, y al cursar carreras enfocados,<br \/>\nprincipalmente a Ingenier\u00edas, impulsar el desarrollo del Estado.<\/p>\n<p>Es<br \/>\nimportante mencionar que estos 10 j\u00f3venes forman parte de la segunda generaci\u00f3n<br \/>\nbeneficiada con esta beca del 100 por ciento, que abarca el pago de<br \/>\ncolegiaturas, alojamiento en residencias de la UDEM, apoyo para materiales<br \/>\nacad\u00e9micos, gastos m\u00e9dicos, apoyo para alimentaci\u00f3n, intercambios al<br \/>\nextranjero, cursos de ingl\u00e9s y alem\u00e1n, entre otras prestaciones m\u00e1s.<\/p>\n<p>Durante<br \/>\nel evento tambi\u00e9n se hizo entrega de equipos de c\u00f3mputo a los alumnos, como un<br \/>\naliciente para esforzarse en su educaci\u00f3n superior<\/p><\/p>\n","protected":false},"excerpt":{"rendered":"<p>Entregan becas del cien por ciento, a 10 j\u00f3venes campechanos que estudiar\u00e1n en Monterrey&#8230;<\/p>\n","protected":false},"author":1018,"featured_media":0,"comment_status":"open","ping_status":"open","sticky":false,"template":"","format":"standard","meta":{"tdm_status":"","tdm_grid_status":"","footnotes":""},"categories":[27],"tags":[],"_links":{"self":[{"href":"https:\/\/dralvarez.com.mx\/larevista\/wp-json\/wp\/v2\/posts\/68004"}],"collection":[{"href":"https:\/\/dralvarez.com.mx\/larevista\/wp-json\/wp\/v2\/posts"}],"about":[{"href":"https:\/\/dralvarez.com.mx\/larevista\/wp-json\/wp\/v2\/types\/post"}],"author":[{"embeddable":true,"href":"https:\/\/dralvarez.com.mx\/larevista\/wp-json\/wp\/v2\/users\/1018"}],"replies":[{"embeddable":true,"href":"https:\/\/dralvarez.com.mx\/larevista\/wp-json\/wp\/v2\/comments?post=68004"}],"version-history":[{"count":0,"href":"https:\/\/dralvarez.com.mx\/larevista\/wp-json\/wp\/v2\/posts\/68004\/revisions"}],"wp:attachment":[{"href":"https:\/\/dralvarez.com.mx\/larevista\/wp-json\/wp\/v2\/media?parent=68004"}],"wp:term":[{"taxonomy":"category","embeddable":true,"href":"https:\/\/dralvarez.com.mx\/larevista\/wp-json\/wp\/v2\/categories?post=68004"},{"taxonomy":"post_tag","embeddable":true,"href":"https:\/\/dralvarez.com.mx\/larevista\/wp-json\/wp\/v2\/tags?post=68004"}],"curies":[{"name":"wp","href":"https:\/\/api.w.org\/{rel}","templated":true}]}}