{"id":67975,"date":"2018-07-27T00:00:00","date_gmt":"2018-07-27T06:00:00","guid":{"rendered":"https:\/\/dralvarez.com.mx\/larevista\/blog\/fpg-ecosur-y-coecisydet-realizan-vi-taller-de-ciencia-para-jovenes-campeche-2018-27977"},"modified":"2018-07-27T00:00:00","modified_gmt":"2018-07-27T06:00:00","slug":"fpg-ecosur-y-coecisydet-realizan-vi-taller-de-ciencia-para-jovenes-campeche-2018-27977","status":"publish","type":"post","link":"https:\/\/dralvarez.com.mx\/larevista\/compeche\/fpg-ecosur-y-coecisydet-realizan-vi-taller-de-ciencia-para-jovenes-campeche-2018-27977","title":{"rendered":"FPG, ECOSUR y COECISYDET realizan vi taller de ciencia para j\u00f3venes Campeche 2018"},"content":{"rendered":"<\/p>\n<p>Con la finalidad de despertar el inter\u00e9s de los estudiantes del nivel medio superior en temas relacionados con la ciencia y tecnolog\u00eda, la Fundaci\u00f3n Pablo Garc\u00eda (FPG), en coordinaci\u00f3n con el Colegio de la Frontera Sur en la Entidad (ECOSUR) y el Consejo Estatal de Investigaci\u00f3n Cient\u00edfica y Desarrollo Tecnol\u00f3gico (COESICYDET), lleva a cabo el VI Taller de Ciencia para J\u00f3venes (TCJ) Campeche 2018, el cual concluir\u00e1 este 28 de julio, con la participaci\u00f3n de 42 j\u00f3venes tanto del interior del Estado, como de otras partes de la Rep\u00fablica Mexicana.<\/p>\n<p>Tras la bienvenida, los titulares de la FPG, Jorge Esquivel Ruiz; del ECOSUR, Jos\u00e9 Armando Alay\u00f3n Gamboa; del COECISYDET, Carlos Rodr\u00edguez Cabrera; y del promotor del TCJ, &nbsp;Yuri Pe\u00f1a Ram\u00edrez; conminaron a los j\u00f3venes a disfrutar de esta semana de verano de la ciencia, toda vez que estos temas les servir\u00e1n en su educaci\u00f3n profesional.<\/p>\n<p>El TCJ cuenta con la participaci\u00f3n de j\u00f3venes procedentes de los Estados de Baja California, Puebla, Durango, Veracruz, Ciudad de M\u00e9xico, Quintana Roo &nbsp;y Yucat\u00e1n; as\u00ed como de la Entidad sede, de los municipios de Candelaria, Calakmul, Carmen, Champot\u00f3n, Calkin\u00ed y Campeche.<\/p>\n<p>Durante \u00e9stos d\u00edas, los talleristas han tenido la oportunidad de adquirir conocimientos en temas como: \u201cAstrof\u00edsica\u201d, \u201cBiocat\u00e1lisis\u201d, \u201cVirolog\u00eda\u201d, \u201cRob\u00f3tica\u201d, \u201cCiencia de los estereotipos\u201d, \u201cAbejas meliponas\u201d, \u201cTiburones y rayas\u201d, \u201cMejoramiento gen\u00e9tica\u201d, \u201cQu\u00edmica de plantas\u201d, \u201cEcolog\u00eda y evoluci\u00f3n\u201d, \u201cMam\u00edferos de Calakmul\u201d, as\u00ed como \u201cMurci\u00e9lagos y dinosaurios voladores\u201d, entre otros temas.<\/p>\n<p>En su participaci\u00f3n, el director de la FPG dio a conocer la labor que ha realizado el organismo que dirige en estos 20 a\u00f1os de creaci\u00f3n, as\u00ed como que dicho Taller ya es un referente a nivel nacional, toda vez que a\u00f1o con a\u00f1o se recibes solicitudes de ingresos de j\u00f3venes de diversos Estados del pa\u00eds.&nbsp;<\/p>\n<p>Con el inter\u00e9s de la FPG en apoyar actividades que den a conocer temas de ciencia y tecnolog\u00eda, dijo que se busca una real y correcta vinculaci\u00f3n de los alumnos con sus estudios y las necesidades de su entorno, sobre todo de quienes viven en la geograf\u00eda estatal, impactando as\u00ed en las \u00e1reas prioritarias contenidas en el Plan Estatal de Desarrollo 2015-2021.<\/p>\n<p>Por \u00faltimo, el funcionario estatal se\u00f1al\u00f3 que para el Gobernador Alejandro Moreno C\u00e1rdenas es importante apoyar a los estudiantes, abriendo espacios que los ayuden en su formaci\u00f3n educativa, tal como se realiza en el TCJ, de la mano de ECOSUR y del COECISYDET, coadyuvando as\u00ed en actividades de difusi\u00f3n de la ciencia.<\/p><\/p>\n","protected":false},"excerpt":{"rendered":"<p>El funcionario estatal se\u00f1al\u00f3 que para el Gobernador Alejandro Moreno C\u00e1rdenas es importante apoyar a los estudiante<\/p>\n","protected":false},"author":1018,"featured_media":0,"comment_status":"open","ping_status":"open","sticky":false,"template":"","format":"standard","meta":{"tdm_status":"","tdm_grid_status":"","footnotes":""},"categories":[27],"tags":[],"_links":{"self":[{"href":"https:\/\/dralvarez.com.mx\/larevista\/wp-json\/wp\/v2\/posts\/67975"}],"collection":[{"href":"https:\/\/dralvarez.com.mx\/larevista\/wp-json\/wp\/v2\/posts"}],"about":[{"href":"https:\/\/dralvarez.com.mx\/larevista\/wp-json\/wp\/v2\/types\/post"}],"author":[{"embeddable":true,"href":"https:\/\/dralvarez.com.mx\/larevista\/wp-json\/wp\/v2\/users\/1018"}],"replies":[{"embeddable":true,"href":"https:\/\/dralvarez.com.mx\/larevista\/wp-json\/wp\/v2\/comments?post=67975"}],"version-history":[{"count":0,"href":"https:\/\/dralvarez.com.mx\/larevista\/wp-json\/wp\/v2\/posts\/67975\/revisions"}],"wp:attachment":[{"href":"https:\/\/dralvarez.com.mx\/larevista\/wp-json\/wp\/v2\/media?parent=67975"}],"wp:term":[{"taxonomy":"category","embeddable":true,"href":"https:\/\/dralvarez.com.mx\/larevista\/wp-json\/wp\/v2\/categories?post=67975"},{"taxonomy":"post_tag","embeddable":true,"href":"https:\/\/dralvarez.com.mx\/larevista\/wp-json\/wp\/v2\/tags?post=67975"}],"curies":[{"name":"wp","href":"https:\/\/api.w.org\/{rel}","templated":true}]}}