{"id":67973,"date":"2018-07-27T00:00:00","date_gmt":"2018-07-27T06:00:00","guid":{"rendered":"https:\/\/dralvarez.com.mx\/larevista\/blog\/secretaria-de-educacion-27975"},"modified":"2018-07-27T00:00:00","modified_gmt":"2018-07-27T06:00:00","slug":"secretaria-de-educacion-27975","status":"publish","type":"post","link":"https:\/\/dralvarez.com.mx\/larevista\/compeche\/secretaria-de-educacion-27975","title":{"rendered":"Secretar\u00eda de educaci\u00f3n"},"content":{"rendered":"<\/p>\n<p>&nbsp;La delegaci\u00f3n campechana de alumnos ganadores de la Olimpiada del Conocimiento Infantil (OCI) 2018, junto a sus maestros, se tom\u00f3 la foto del recuerdo con el Presidente de M\u00e9xico, Enrique Pe\u00f1a Nieto, durante la Convivencia Cultural que se llev\u00f3 a cabo en la explanada \u201cFrancisco I. Madero\u201d de la residencia oficial de Los Pinos. En la ceremonia, el estudiante Andr\u00e9s Enrique Carrillo Padilla, de la escuela primaria \u201cMargarita de Gortari\u201d, recibi\u00f3 de manos del mandatario nacional un diploma por haber obtenido el primer lugar en la fase estatal del concurso.<\/p>\n<p>&nbsp;<\/p>\n<p><\/p>\n","protected":false},"excerpt":{"rendered":"<p>Recibieron de manos del mandatario nacional un diploma por haber obtenido el primer lugar en la fase estatal del concurso.<\/p>\n","protected":false},"author":1018,"featured_media":0,"comment_status":"open","ping_status":"open","sticky":false,"template":"","format":"standard","meta":{"tdm_status":"","tdm_grid_status":"","footnotes":""},"categories":[27],"tags":[],"_links":{"self":[{"href":"https:\/\/dralvarez.com.mx\/larevista\/wp-json\/wp\/v2\/posts\/67973"}],"collection":[{"href":"https:\/\/dralvarez.com.mx\/larevista\/wp-json\/wp\/v2\/posts"}],"about":[{"href":"https:\/\/dralvarez.com.mx\/larevista\/wp-json\/wp\/v2\/types\/post"}],"author":[{"embeddable":true,"href":"https:\/\/dralvarez.com.mx\/larevista\/wp-json\/wp\/v2\/users\/1018"}],"replies":[{"embeddable":true,"href":"https:\/\/dralvarez.com.mx\/larevista\/wp-json\/wp\/v2\/comments?post=67973"}],"version-history":[{"count":0,"href":"https:\/\/dralvarez.com.mx\/larevista\/wp-json\/wp\/v2\/posts\/67973\/revisions"}],"wp:attachment":[{"href":"https:\/\/dralvarez.com.mx\/larevista\/wp-json\/wp\/v2\/media?parent=67973"}],"wp:term":[{"taxonomy":"category","embeddable":true,"href":"https:\/\/dralvarez.com.mx\/larevista\/wp-json\/wp\/v2\/categories?post=67973"},{"taxonomy":"post_tag","embeddable":true,"href":"https:\/\/dralvarez.com.mx\/larevista\/wp-json\/wp\/v2\/tags?post=67973"}],"curies":[{"name":"wp","href":"https:\/\/api.w.org\/{rel}","templated":true}]}}