{"id":67963,"date":"2018-07-27T00:00:00","date_gmt":"2018-07-27T06:00:00","guid":{"rendered":"https:\/\/dralvarez.com.mx\/larevista\/blog\/invierte-sedesyh-mas-de-1-mdp-para-rehabilitacion-de-espacios-publicos-en-comunidades-de-hopelchen-27965"},"modified":"2018-07-27T00:00:00","modified_gmt":"2018-07-27T06:00:00","slug":"invierte-sedesyh-mas-de-1-mdp-para-rehabilitacion-de-espacios-publicos-en-comunidades-de-hopelchen-27965","status":"publish","type":"post","link":"https:\/\/dralvarez.com.mx\/larevista\/compeche\/invierte-sedesyh-mas-de-1-mdp-para-rehabilitacion-de-espacios-publicos-en-comunidades-de-hopelchen-27965","title":{"rendered":"Invierte SEDESYH m\u00e1s de 1 MDP para rehabilitaci\u00f3n de espacios p\u00fablicos en comunidades de Hopelch\u00e9n"},"content":{"rendered":"<\/p>\n<p>El Gobierno del Estado, a trav\u00e9s de la Secretar\u00eda de Desarrollo Social y Humano (SEDESYH), como parte del programa \u201cSoluciones\u201d en su componente \u201cCrece tu Comunidad\u201d, durante el presente mes ha invertido m\u00e1s de un mill\u00f3n de pesos para que Equipos para Crecer de &nbsp;27 comunidades del municipio de Hopelch\u00e9n, lleven a cabo la rehabilitaci\u00f3n de espacios p\u00fablicos, que les permitan mejorar su entorno y su nivel de vida.<\/p>\n<p>El encargado del despacho de la SEDESYH, Luis Jorge Medina Minet, se\u00f1al\u00f3 que durante las entregas de este recurso a las comunidades de Bolonch\u00e9n de Rej\u00f3n, Xculoc, San Antonio Yaxch\u00e9, Chunyaxnic, Xcanahalt\u00fan Huechil Unidos, Katab, San Juan Bautista Sahcabch\u00e9n, San Francisco Suc Tuc, Yaxch\u00e9 Akal, Santa Rita Becanch\u00e9n, Xcupil Cacb, Komch\u00e9n, Dzibalch\u00e9n, Iturbide, Pakch\u00e9n, El Pedregal, Ram\u00f3n Corona, Francisco J. Mujica, Chunchintok, Cancabch\u00e9n, Ukum, Xmej\u00eda, Xmaben, Chan-Chen, Chun-Ek, Pachuitz y X-Canh\u00e1, estuvo presente el alcalde de Hopelch\u00e9n, Ignacio Novelo Espa\u00f1a.<\/p>\n<p>Explic\u00f3 que el programa Soluciones tiene como objetivo contribuir a elevar los niveles de vida de las familias a trav\u00e9s de acciones de mejoramiento de las comunidades o colonias en situaci\u00f3n de vulnerabilidad de todo el estado.<\/p>\n<p>Medina Minet manifest\u00f3 que son los mismos Equipos para Crecer quienes determinan las acciones a realizar, y que en esta ocasi\u00f3n ser\u00e1n destinados para la rehabilitaci\u00f3n de pozos, campos y canchas de usos m\u00faltiples, as\u00ed como casas de salud y una escuela preescolar ind\u00edgena, plazas c\u00edvicas, espacios de alimentaci\u00f3n, entre otros, en las que se ver\u00e1n beneficiadas m\u00e1s de 22 mil personas que habitan estas 27 comunidades.<\/p>\n<p>Adem\u00e1s, dijo que las instrucciones del Gobernador Alejandro Moreno C\u00e1rdenas son de trabajar con toda la energ\u00eda para avanzar en el desarrollo del Estado, generando las acciones necesarias para que los campechanos tengan un futuro con certeza, un lugar digno para crecer.<\/p>\n<p>&nbsp;\u201cNos motiva ver c\u00f3mo la sociedad se une para trabajar en equipo, para mejorar sus comunidades y salir a delante\u201d, finaliz\u00f3 Medina Minet.<\/p><\/p>\n","protected":false},"excerpt":{"rendered":"<p>El programa Soluciones tiene como objetivo contribuir a elevar los niveles de vida de las familias a trav\u00e9s de acciones de mejoramiento de las comunid<\/p>\n","protected":false},"author":1018,"featured_media":0,"comment_status":"open","ping_status":"open","sticky":false,"template":"","format":"standard","meta":{"tdm_status":"","tdm_grid_status":"","footnotes":""},"categories":[27],"tags":[],"_links":{"self":[{"href":"https:\/\/dralvarez.com.mx\/larevista\/wp-json\/wp\/v2\/posts\/67963"}],"collection":[{"href":"https:\/\/dralvarez.com.mx\/larevista\/wp-json\/wp\/v2\/posts"}],"about":[{"href":"https:\/\/dralvarez.com.mx\/larevista\/wp-json\/wp\/v2\/types\/post"}],"author":[{"embeddable":true,"href":"https:\/\/dralvarez.com.mx\/larevista\/wp-json\/wp\/v2\/users\/1018"}],"replies":[{"embeddable":true,"href":"https:\/\/dralvarez.com.mx\/larevista\/wp-json\/wp\/v2\/comments?post=67963"}],"version-history":[{"count":0,"href":"https:\/\/dralvarez.com.mx\/larevista\/wp-json\/wp\/v2\/posts\/67963\/revisions"}],"wp:attachment":[{"href":"https:\/\/dralvarez.com.mx\/larevista\/wp-json\/wp\/v2\/media?parent=67963"}],"wp:term":[{"taxonomy":"category","embeddable":true,"href":"https:\/\/dralvarez.com.mx\/larevista\/wp-json\/wp\/v2\/categories?post=67963"},{"taxonomy":"post_tag","embeddable":true,"href":"https:\/\/dralvarez.com.mx\/larevista\/wp-json\/wp\/v2\/tags?post=67963"}],"curies":[{"name":"wp","href":"https:\/\/api.w.org\/{rel}","templated":true}]}}