{"id":67959,"date":"2018-07-27T00:00:00","date_gmt":"2018-07-27T06:00:00","guid":{"rendered":"https:\/\/dralvarez.com.mx\/larevista\/blog\/dif-estatal-imparte-curso-de-fotografia-y-manejo-de-redes-sociales-a-los-cdc-27961"},"modified":"2018-07-27T00:00:00","modified_gmt":"2018-07-27T06:00:00","slug":"dif-estatal-imparte-curso-de-fotografia-y-manejo-de-redes-sociales-a-los-cdc-27961","status":"publish","type":"post","link":"https:\/\/dralvarez.com.mx\/larevista\/compeche\/dif-estatal-imparte-curso-de-fotografia-y-manejo-de-redes-sociales-a-los-cdc-27961","title":{"rendered":"DIF estatal imparte curso de fotografia y manejo de redes sociales a los CDC"},"content":{"rendered":"<p>El Sistema Estatal para el Desarrollo Integral de la Familia (DIF), a trav\u00e9s de las Direcciones de Comunicaci\u00f3n Social y de Desarrollo Familiar y Voluntariado, imparti\u00f3 el curso \u201cFotograf\u00eda y Manejo de Redes Sociales\u201d, dirigido a los responsables de comunicaci\u00f3n social de los 29 Centros de Desarrollo Comunitario (CDC), con el objetivo de que los programas de asistencia social y las actividades que se realizan en estos centros, lleguen a m\u00e1s personas cada d\u00eda.<\/p>\n<p>La Directora de Comunicaci\u00f3n Social, Gabriela Flores C\u00f3rdova, a nombre de la Presidenta del Patronato del DIF Estatal, Christelle Casta\u00f1\u00f3n de Moreno, agradeci\u00f3 al personal de las vocer\u00edas y a las encargadas de los CDC por su disposici\u00f3n por realizar un trabajo en equipo para mantener informada a la sociedad y dar a conocer las actividades que se llevan a cabo en cada Centro.<\/p>\n<p>Se\u00f1al\u00f3 que en curso adquirir\u00e1n las herramientas necesarias para utilizar de manera correcta un p\u00e1gina social en el internet, que se ha convertido en una ventana inmensa de informaci\u00f3n, pero que debe ser ver\u00eddica, acertada y con calidez humana; y de igual manera resalt\u00f3 el compromiso de las promotoras que se suman a la labor del DIF en la asistencia social.<\/p>\n<p>La capacitaci\u00f3n se llev\u00f3 a cabo en el sal\u00f3n \u201cLilia Reyes de L\u00f3pez Hern\u00e1ndez\u201d de la Mansi\u00f3n Carvajal, impartido por Flores C\u00f3rdova, Didier Emiliano Huch\u00edn Osorio y David Estrella Castillo, y apoyando en la creaci\u00f3n de las p\u00e1ginas de las redes Daniel Tuz Cervantes y de la Direcci\u00f3n de Tecnolog\u00edas de la Informaci\u00f3n, Luis Zavala Loeza.<\/p>\n<p>Finalmente, los participantes recibieron sus constancias de manos de la Directora de Comunicaci\u00f3n Social y de la Coordinadora General del \u00e1rea educativa, Elba Pacheco Te, que asisti\u00f3 en representaci\u00f3n de la Directora de Desarrollo Familiar y Voluntariado, Sonia Castilla Trevi\u00f1o.<\/p>\n<p><\/p>\n","protected":false},"excerpt":{"rendered":"<p>En el curso adquirir\u00e1n las herramientas necesarias para utilizar de manera correcta un p\u00e1gina social en el internet&#8230;<\/p>\n","protected":false},"author":1018,"featured_media":0,"comment_status":"open","ping_status":"open","sticky":false,"template":"","format":"standard","meta":{"tdm_status":"","tdm_grid_status":"","footnotes":""},"categories":[27],"tags":[],"_links":{"self":[{"href":"https:\/\/dralvarez.com.mx\/larevista\/wp-json\/wp\/v2\/posts\/67959"}],"collection":[{"href":"https:\/\/dralvarez.com.mx\/larevista\/wp-json\/wp\/v2\/posts"}],"about":[{"href":"https:\/\/dralvarez.com.mx\/larevista\/wp-json\/wp\/v2\/types\/post"}],"author":[{"embeddable":true,"href":"https:\/\/dralvarez.com.mx\/larevista\/wp-json\/wp\/v2\/users\/1018"}],"replies":[{"embeddable":true,"href":"https:\/\/dralvarez.com.mx\/larevista\/wp-json\/wp\/v2\/comments?post=67959"}],"version-history":[{"count":0,"href":"https:\/\/dralvarez.com.mx\/larevista\/wp-json\/wp\/v2\/posts\/67959\/revisions"}],"wp:attachment":[{"href":"https:\/\/dralvarez.com.mx\/larevista\/wp-json\/wp\/v2\/media?parent=67959"}],"wp:term":[{"taxonomy":"category","embeddable":true,"href":"https:\/\/dralvarez.com.mx\/larevista\/wp-json\/wp\/v2\/categories?post=67959"},{"taxonomy":"post_tag","embeddable":true,"href":"https:\/\/dralvarez.com.mx\/larevista\/wp-json\/wp\/v2\/tags?post=67959"}],"curies":[{"name":"wp","href":"https:\/\/api.w.org\/{rel}","templated":true}]}}