{"id":67955,"date":"2018-07-27T00:00:00","date_gmt":"2018-07-27T06:00:00","guid":{"rendered":"https:\/\/dralvarez.com.mx\/larevista\/blog\/campeche-lider-en-materia-educativa-27955"},"modified":"2018-07-27T00:00:00","modified_gmt":"2018-07-27T06:00:00","slug":"campeche-lider-en-materia-educativa-27955","status":"publish","type":"post","link":"https:\/\/dralvarez.com.mx\/larevista\/compeche\/campeche-lider-en-materia-educativa-27955","title":{"rendered":"Campeche, l\u00edder en materia educativa"},"content":{"rendered":"<p><b>Especial \/ La Revista <\/b><br \/><b><i><\/i><\/b><\/p>\n<blockquote><p><b><i>Se entregaron de manera simb\u00f3lica est\u00edmulos econ\u00f3micos y reconocimientos al personal de apoyo de la Seduc que cumpli\u00f3 10, 15, 20, 25, 30 y 40 a\u00f1os de servicio efectivo.<\/i><\/b><\/p><\/blockquote>\n<p>\u201cCampeche se ha posicionado como un estado l\u00edder en materia educativa en todo el pa\u00eds y parte esencial de este logro son ustedes; maestras, maestros, personal administrativo, de apoyo, que con su trabajo diario, su buena actitud, su amor por el Estado, aportan incansablemente para consolidar acciones, estrategias, y medidas, que redunden en la correcta aplicaci\u00f3n y gesti\u00f3n de programas y proyectos que nos permitan la educaci\u00f3n de calidad por la que se trabaja en este sector todos los d\u00edas\u201d, afirm\u00f3 el titular de la Secretar\u00eda de Educaci\u00f3n (SEDUC), Ricardo Medina Farf\u00e1n, durante la Entrega de Est\u00edmulos por Antig\u00fcedad y el Premio en el Servicio P\u00fablico Promoci\u00f3n 2018.<\/p>\n<p>Durante el acto desarrollado en el Centro Internacional de Convenciones y Exposiciones \u201cCampeche XXI\u201d, el titular de la SEDUC, en representaci\u00f3n del Gobernador Alejandro Moreno C\u00e1rdenas, hizo entrega simb\u00f3lica de est\u00edmulos econ\u00f3micos y reconocimientos al personal de apoyo de esta dependencia estatal, que cumpli\u00f3 10, 15, 20, 25, 30 y 40 a\u00f1os de servicio efectivo, lo que represent\u00f3 una inversi\u00f3n de seis millones 857 mil pesos.<\/p>\n<p>Al emitir su mensaje, Medina Farf\u00e1n agradeci\u00f3 la labor del personal galardonado y precis\u00f3 que gracias a su esfuerzo y desempe\u00f1o en las distintas \u00e1reas en las que se especializan, han hecho posible que miles de personas tengan el derecho a la educaci\u00f3n, y con ello, brindar la oportunidad de transformar sus vidas.<\/p>\n<p>\u201cPorque al final, con su trabajo hacemos posible que la educaci\u00f3n llegue a ni\u00f1os, ni\u00f1as, j\u00f3venes de todo el Estado, y es fundamental su labor, porque trabajar por la educaci\u00f3n es hacer cosas por el futuro de Campeche, por el bienestar social, por la sociedad, porque educar significa cambiar el entorno, y con ustedes nos ayudado a hacerlo desde hace mucho tiempo, por lo que no deben de dejar de seguir adelante, coadyuvando a tener la mejor educaci\u00f3n de todo el pa\u00eds\u201d, afirm\u00f3.<\/p>\n<p>En representaci\u00f3n de los homenajeados, V\u00edctor Manuel de Atocha Segovia Angulo puntualiz\u00f3 que este reconocimiento los alienta a seguir trabajando con mayor \u00edmpetu para mejorar la calidad de vida de las personas, por lo que agradeci\u00f3 esta distinci\u00f3n y exhort\u00f3 a sus compa\u00f1eros a no bajar la guardia para continuar contribuyendo en el desarrollo de Campeche.<\/p>\n<p>Por su parte, el subsecretario de Servicios Administrativos de la SEDUC, Miguel Zanoguera Canto, se\u00f1al\u00f3 que el Est\u00edmulo por Antig\u00fcedad es el reconocimiento que se otorga al personal de apoyo y asistencia a la educaci\u00f3n que acrediten antig\u00fcedad por 10, 15 y 20 a\u00f1os de servicio efectivo; en esta edici\u00f3n fueron: 85 trabajadores con 10 a\u00f1os de servicio; 37 con 15 a\u00f1os; y 38 con 20 a\u00f1os de labor; a quienes se reconoci\u00f3 con un diploma y est\u00edmulo econ\u00f3mico.<\/p>\n<p>Por \u00faltimo, indic\u00f3 que el Premio de Antig\u00fcedad en el Servicio P\u00fablico, es un reconocimiento que hace la SEDUC al personal de apoyo y asistencia a la educaci\u00f3n, as\u00ed como a los servidores p\u00fablicos de mando y hom\u00f3logos que acrediten antig\u00fcedad por 25, 30 y 40 a\u00f1os de servicio efectivo en esta dependencia; este a\u00f1o, estos galardones se otorgaron a: 67 personas con 25 a\u00f1os de servicio; 35 que cumplieron 30 a\u00f1os de labor; y uno con 40 a\u00f1os de servicio; a ellos se les entreg\u00f3 un diploma de reconocimiento, medalla de plata y est\u00edmulo econ\u00f3mico.<\/p>\n<p><b>Curso de Verano 2018<\/b><\/p>\n<p>Por otra parte, con la participaci\u00f3n de 223 ni\u00f1os de entre 6 y 12 a\u00f1os de edad, la Administraci\u00f3n Portuaria Integral de Campeche (APICAM), a trav\u00e9s del Programa Puerto y Ciudad, realiza las actividades del Curso de Verano 2018 en el balneario Playa Bonita y los complejos de los Faros de Isla Arena e Isla Aguada.<\/p>\n<p>El objetivo de estos cursos es ofrecer esparcimiento a trav\u00e9s de actividades pedag\u00f3gicas, art\u00edsticas y deportivas durante la temporada vacacional, como un servicio a los m\u00e1s peque\u00f1os de las familias de las comunidades portuarias.<\/p>\n<p>El curso de verano en Playa Bonita inici\u00f3 el d\u00eda 16 de julio y concluir\u00e1 el viernes 27, con un horario de 8:30 a 13:00 horas, donde participa el p\u00fablico en general, adem\u00e1s de los ni\u00f1os y ni\u00f1as del Centro Oncol\u00f3gico de Campeche, y usuarios del Centro de Desarrollo Comunitario (CDC) San Francisco Kob\u00e9n, a quienes se les traslada para realizar las actividades deportivas como nataci\u00f3n, f\u00fatbol, esculturas de arena, Xtreme Jumping, entre otras.<\/p>\n<p>En los complejos del Faro de Isla Arena y de Isla Aguada, el horario del curso de verano es de 9:00 a 12:00 horas, donde los ni\u00f1os realizan activaci\u00f3n f\u00edsica, manualidades, folklore, sala de lectura, artesan\u00edas en yeso, etc. Cabe se\u00f1alar que los participantes al inscribirse recibieron un kit, consistente en playera, material para las actividades deportivas y de manualidades.<\/p>\n<p>De esta manera, la APICAM impulsa actividades para la poblaci\u00f3n infantil de sana convivencia, con actividades recreativas que propicien la ense\u00f1anza y aprendizaje.<\/p>\n","protected":false},"excerpt":{"rendered":"<p>Gobierno de Campeche&#8230;<\/p>\n","protected":false},"author":1018,"featured_media":0,"comment_status":"open","ping_status":"open","sticky":false,"template":"","format":"standard","meta":{"tdm_status":"","tdm_grid_status":"","footnotes":""},"categories":[27],"tags":[],"_links":{"self":[{"href":"https:\/\/dralvarez.com.mx\/larevista\/wp-json\/wp\/v2\/posts\/67955"}],"collection":[{"href":"https:\/\/dralvarez.com.mx\/larevista\/wp-json\/wp\/v2\/posts"}],"about":[{"href":"https:\/\/dralvarez.com.mx\/larevista\/wp-json\/wp\/v2\/types\/post"}],"author":[{"embeddable":true,"href":"https:\/\/dralvarez.com.mx\/larevista\/wp-json\/wp\/v2\/users\/1018"}],"replies":[{"embeddable":true,"href":"https:\/\/dralvarez.com.mx\/larevista\/wp-json\/wp\/v2\/comments?post=67955"}],"version-history":[{"count":0,"href":"https:\/\/dralvarez.com.mx\/larevista\/wp-json\/wp\/v2\/posts\/67955\/revisions"}],"wp:attachment":[{"href":"https:\/\/dralvarez.com.mx\/larevista\/wp-json\/wp\/v2\/media?parent=67955"}],"wp:term":[{"taxonomy":"category","embeddable":true,"href":"https:\/\/dralvarez.com.mx\/larevista\/wp-json\/wp\/v2\/categories?post=67955"},{"taxonomy":"post_tag","embeddable":true,"href":"https:\/\/dralvarez.com.mx\/larevista\/wp-json\/wp\/v2\/tags?post=67955"}],"curies":[{"name":"wp","href":"https:\/\/api.w.org\/{rel}","templated":true}]}}