{"id":67916,"date":"2018-07-26T00:00:00","date_gmt":"2018-07-26T06:00:00","guid":{"rendered":"https:\/\/dralvarez.com.mx\/larevista\/blog\/campeche-lider-en-materia-educativa-gracias-al-personal-de-apoyo-que-trabaja-por-la-educacion-medina-farfan-27914"},"modified":"2018-07-26T00:00:00","modified_gmt":"2018-07-26T06:00:00","slug":"campeche-lider-en-materia-educativa-gracias-al-personal-de-apoyo-que-trabaja-por-la-educacion-medina-farfan-27914","status":"publish","type":"post","link":"https:\/\/dralvarez.com.mx\/larevista\/compeche\/campeche-lider-en-materia-educativa-gracias-al-personal-de-apoyo-que-trabaja-por-la-educacion-medina-farfan-27914","title":{"rendered":"Campeche, l\u00edder en materia educativa gracias al personal de apoyo que trabaja por la educaci\u00f3n: medina farf\u00e1n"},"content":{"rendered":"<\/p>\n<p>\u201cCampeche se ha posicionado como un Estado l\u00edder en materia educativa en todo el pa\u00eds y parte esencial de este logro son ustedes; maestras, maestros, personal administrativo, de apoyo, que con su trabajo diario, su buena actitud, su amor por el Estado, aportan incansablemente para consolidar acciones, estrategias, y medidas, que redunden en la correcta aplicaci\u00f3n y gesti\u00f3n de programas y proyectos que nos permitan la educaci\u00f3n de calidad por la que se trabaja en este sector todos los d\u00edas\u201d, afirm\u00f3 el titular de la Secretar\u00eda de Educaci\u00f3n (SEDUC), Ricardo Medina Farf\u00e1n, durante la Entrega de Est\u00edmulos por Antig\u00fcedad y el Premio en el Servicio P\u00fablico Promoci\u00f3n 2018.<\/p>\n<p>Durante el acto desarrollado en el Centro Internacional de Convenciones y Exposiciones \u201cCampeche XXI\u201d, el titular de la SEDUC, en representaci\u00f3n del Gobernador Alejandro Moreno C\u00e1rdenas, hizo entrega simb\u00f3lica de est\u00edmulos econ\u00f3micos y reconocimientos al personal de apoyo de esta dependencia estatal, que cumpli\u00f3 10, 15, 20, 25, 30 y 40 a\u00f1os de servicio efectivo, lo que represent\u00f3 una inversi\u00f3n de seis millones 857 mil pesos.<\/p>\n<p>&nbsp;<\/p>\n<p>Al emitir su mensaje, Medina Farf\u00e1n agradeci\u00f3 la labor del personal galardonado y precis\u00f3 que gracias a su esfuerzo y desempe\u00f1o en las distintas \u00e1reas en las que se especializan, han hecho posible que miles de personas tengan el derecho a la educaci\u00f3n, y con ello, brindar la oportunidad de transformar sus vidas.<\/p>\n<p>\u201cPorque al final, con su trabajo hacemos posible que la educaci\u00f3n llegue a ni\u00f1os, ni\u00f1as, j\u00f3venes de todo el Estado, y es fundamental su labor, porque trabajar por la educaci\u00f3n es hacer cosas por el futuro de Campeche, por el bienestar social, por la sociedad, porque educar significa cambiar el entorno, y con ustedes nos ayudado a hacerlo desde hace mucho tiempo, por lo que no deben de dejar de seguir adelante, coadyuvando a tener la mejor educaci\u00f3n de todo el pa\u00eds\u201d, afirm\u00f3.<\/p>\n<p>En representaci\u00f3n de los homenajeados, V\u00edctor Manuel de Atocha Segovia Angulo puntualiz\u00f3 que este reconocimiento los alienta a seguir trabajando con mayor \u00edmpetu para mejorar la calidad de vida de las personas, por lo que agradeci\u00f3 esta distinci\u00f3n y exhort\u00f3 a sus compa\u00f1eros a no bajar la guardia para continuar contribuyendo en el desarrollo de Campeche.<\/p>\n<p>Por su parte, el subsecretario de Servicios Administrativos de la SEDUC, Miguel Zanoguera Canto, se\u00f1al\u00f3 que el Est\u00edmulo por Antig\u00fcedad es el reconocimiento que se otorga al personal de apoyo y asistencia a la educaci\u00f3n que acrediten antig\u00fcedad por 10, 15 y 20 a\u00f1os de servicio efectivo; en esta edici\u00f3n fueron: 85 trabajadores con 10 a\u00f1os de servicio; 37 con 15 a\u00f1os; y 38 con 20 a\u00f1os de labor; a quienes se reconoci\u00f3 con un diploma y est\u00edmulo econ\u00f3mico.<\/p>\n<p>Por \u00faltimo, indic\u00f3 que el Premio de Antig\u00fcedad en el Servicio P\u00fablico, es un reconocimiento que hace la SEDUC al personal de apoyo y asistencia a la educaci\u00f3n, as\u00ed como a los servidores p\u00fablicos de mando y hom\u00f3logos que acrediten antig\u00fcedad por 25, 30 y 40 a\u00f1os de servicio efectivo en esta dependencia; este a\u00f1o, estos galardones se otorgaron a: 67 personas con 25 a\u00f1os de servicio; 35 que cumplieron 30 a\u00f1os de labor; y uno con 40 a\u00f1os de servicio; a ellos se les entreg\u00f3 un diploma de reconocimiento, medalla de plata y est\u00edmulo econ\u00f3mico.<\/p><\/p>\n","protected":false},"excerpt":{"rendered":"<p>Entregan reconocimientos a personal con 10, 15, 20, 25, 30 y 40 a\u00f1os de servicio&#8230;<\/p>\n","protected":false},"author":1018,"featured_media":0,"comment_status":"open","ping_status":"open","sticky":false,"template":"","format":"standard","meta":{"tdm_status":"","tdm_grid_status":"","footnotes":""},"categories":[27],"tags":[],"_links":{"self":[{"href":"https:\/\/dralvarez.com.mx\/larevista\/wp-json\/wp\/v2\/posts\/67916"}],"collection":[{"href":"https:\/\/dralvarez.com.mx\/larevista\/wp-json\/wp\/v2\/posts"}],"about":[{"href":"https:\/\/dralvarez.com.mx\/larevista\/wp-json\/wp\/v2\/types\/post"}],"author":[{"embeddable":true,"href":"https:\/\/dralvarez.com.mx\/larevista\/wp-json\/wp\/v2\/users\/1018"}],"replies":[{"embeddable":true,"href":"https:\/\/dralvarez.com.mx\/larevista\/wp-json\/wp\/v2\/comments?post=67916"}],"version-history":[{"count":0,"href":"https:\/\/dralvarez.com.mx\/larevista\/wp-json\/wp\/v2\/posts\/67916\/revisions"}],"wp:attachment":[{"href":"https:\/\/dralvarez.com.mx\/larevista\/wp-json\/wp\/v2\/media?parent=67916"}],"wp:term":[{"taxonomy":"category","embeddable":true,"href":"https:\/\/dralvarez.com.mx\/larevista\/wp-json\/wp\/v2\/categories?post=67916"},{"taxonomy":"post_tag","embeddable":true,"href":"https:\/\/dralvarez.com.mx\/larevista\/wp-json\/wp\/v2\/tags?post=67916"}],"curies":[{"name":"wp","href":"https:\/\/api.w.org\/{rel}","templated":true}]}}