{"id":67868,"date":"2018-07-24T00:00:00","date_gmt":"2018-07-24T06:00:00","guid":{"rendered":"https:\/\/dralvarez.com.mx\/larevista\/blog\/presenta-la-secretaria-de-educacion-el-calendario-oficial-para-el-ciclo-escolar-2018-2019-27865"},"modified":"2018-07-24T00:00:00","modified_gmt":"2018-07-24T06:00:00","slug":"presenta-la-secretaria-de-educacion-el-calendario-oficial-para-el-ciclo-escolar-2018-2019-27865","status":"publish","type":"post","link":"https:\/\/dralvarez.com.mx\/larevista\/compeche\/presenta-la-secretaria-de-educacion-el-calendario-oficial-para-el-ciclo-escolar-2018-2019-27865","title":{"rendered":"Presenta la secretar\u00eda de educaci\u00f3n el calendario oficial para el ciclo escolar 2018-2019"},"content":{"rendered":"<\/p>\n<p>En representaci\u00f3n del titular de la Secretar\u00eda de Educaci\u00f3n (SEDUC), Ricardo Medina Farf\u00e1n, el subsecretario de Educaci\u00f3n B\u00e1sica, Ricardo Koh Cambranis, encabez\u00f3 la presentaci\u00f3n del calendario oficial que regir\u00e1 el ciclo escolar 2018-2019, mismo que, de acuerdo con la dependencia estatal, se manejar\u00e1 en tres versiones correspondientes a: 185, 195 y 200 d\u00edas efectivos de clases.<\/p>\n<p>Ante representantes de los medios de comunicaci\u00f3n, Koh Cambranis refiri\u00f3 que en las \u00faltimas sesiones de Consejos T\u00e9cnicos Escolares (CTE), el colectivo docente y directivo tuvo a bien analizar, de acuerdo con sus intereses y del desarrollo de su comunidad escolar, las opciones en torno al almanaque educativo a utilizar, basado su agenda educativa.<\/p>\n<p>Por lo que, al otorgar mayor autonom\u00eda de gesti\u00f3n a cada colegio, y de manera particular con su inter\u00e9s, se estableci\u00f3 que un total de mil 584 escuelas de Educaci\u00f3n B\u00e1sica optaron por utilizar el calendario estatal pre autorizado de 195 d\u00edas; 181 planteles eligieron el calendario de 195 d\u00edas con ajustes adicionales conforme a sus criterios; 58 centros educativos seleccionaron el calendario estatal de 185 d\u00edas efectivos de clase, y uno m\u00e1s tambi\u00e9n, pero con un cambio adicional.<\/p>\n<p>En este sentido, el funcionario de la SEDUC precis\u00f3 que el ciclo escolar iniciar\u00e1 de manera formal para todos los estudiantes el pr\u00f3ximo 20 de agosto y concluir\u00e1, de acuerdo con la versi\u00f3n seleccionada, para los colegios de 195 d\u00edas, el 11 de julio de 2019; y para los de 185 d\u00edas, el 27 de junio de 2019.<\/p>\n<p>El subsecretario de Educaci\u00f3n B\u00e1sica se\u00f1al\u00f3 que el de 200 d\u00edas de clase est\u00e1 dirigido \u00fanicamente para las Escuelas de Educaci\u00f3n Normal y encargadas de la formaci\u00f3n de maestros de Educaci\u00f3n B\u00e1sica, quienes iniciar\u00e1n labores a partir del 6 de agosto, con la Semana Nacional de Actualizaci\u00f3n, que es una jornada intensiva de capacitaci\u00f3n para los docentes es Escuelas Normales.<\/p>\n<p>Koh Cambranis destac\u00f3 que en esta ocasi\u00f3n los calendarios oficiales que ser\u00e1n distribuidos en los colegios presentan una imagen alusiva a los 140 a\u00f1os de la inauguraci\u00f3n de la primera Escuela Normal de Profesores en Campeche, misma que se present\u00f3 un 7 de agosto de 1878 y que sin duda fue un gran acontecer para el Estado y para el magisterio.<\/p>\n<p>Durante esta conferencia de prensa, el subsecretario de Educaci\u00f3n estuvo acompa\u00f1ado del director de Planeaci\u00f3n, Juan Manuel Alcocer Mart\u00ednez, e &nbsp;indic\u00f3 que para el ciclo que est\u00e1 por iniciar, se tiene un pron\u00f3stico de 259 mil 528 alumnos para ser atendidos en todos los niveles, lo que representa un incremento del 1.4 por ciento en la matricula en comparaci\u00f3n con el ciclo escolar pasado.<\/p><\/p>\n","protected":false},"excerpt":{"rendered":"<p>*Se pre-autoriz\u00f3 en tres versiones: de 185, 195 y 200 d\u00edas<\/p>\n","protected":false},"author":1018,"featured_media":0,"comment_status":"open","ping_status":"open","sticky":false,"template":"","format":"standard","meta":{"tdm_status":"","tdm_grid_status":"","footnotes":""},"categories":[27],"tags":[],"_links":{"self":[{"href":"https:\/\/dralvarez.com.mx\/larevista\/wp-json\/wp\/v2\/posts\/67868"}],"collection":[{"href":"https:\/\/dralvarez.com.mx\/larevista\/wp-json\/wp\/v2\/posts"}],"about":[{"href":"https:\/\/dralvarez.com.mx\/larevista\/wp-json\/wp\/v2\/types\/post"}],"author":[{"embeddable":true,"href":"https:\/\/dralvarez.com.mx\/larevista\/wp-json\/wp\/v2\/users\/1018"}],"replies":[{"embeddable":true,"href":"https:\/\/dralvarez.com.mx\/larevista\/wp-json\/wp\/v2\/comments?post=67868"}],"version-history":[{"count":0,"href":"https:\/\/dralvarez.com.mx\/larevista\/wp-json\/wp\/v2\/posts\/67868\/revisions"}],"wp:attachment":[{"href":"https:\/\/dralvarez.com.mx\/larevista\/wp-json\/wp\/v2\/media?parent=67868"}],"wp:term":[{"taxonomy":"category","embeddable":true,"href":"https:\/\/dralvarez.com.mx\/larevista\/wp-json\/wp\/v2\/categories?post=67868"},{"taxonomy":"post_tag","embeddable":true,"href":"https:\/\/dralvarez.com.mx\/larevista\/wp-json\/wp\/v2\/tags?post=67868"}],"curies":[{"name":"wp","href":"https:\/\/api.w.org\/{rel}","templated":true}]}}