{"id":67867,"date":"2018-07-24T00:00:00","date_gmt":"2018-07-24T06:00:00","guid":{"rendered":"https:\/\/dralvarez.com.mx\/larevista\/blog\/dif-estatal-realizara-curso-vida-independiente-para-personas-con-discapacidad-fisica-motoras-27864"},"modified":"2018-07-24T00:00:00","modified_gmt":"2018-07-24T06:00:00","slug":"dif-estatal-realizara-curso-vida-independiente-para-personas-con-discapacidad-fisica-motoras-27864","status":"publish","type":"post","link":"https:\/\/dralvarez.com.mx\/larevista\/compeche\/dif-estatal-realizara-curso-vida-independiente-para-personas-con-discapacidad-fisica-motoras-27864","title":{"rendered":"Dif estatal realizar\u00e1 curso \u201cvida independiente\u201d para personas con discapacidad f\u00edsica motoras"},"content":{"rendered":"<\/p>\n<p>Del 3 al 7 de septiembre de 2018, el Sistema Estatal para el Desarrollo Integral de la Familia (DIF), a trav\u00e9s de la Direcci\u00f3n de Atenci\u00f3n Social y Discapacidad, realizar\u00e1 el curso gratuito de \u201cVida Independiente\u201d, del programa \u201cJuntos Rompiendo Barreras, para Crecer en Grande\u201d, en el Centro Paral\u00edmpico de Campeche (CEPAR), mismo que ser\u00e1 impartido por los capacitadores del Asociaci\u00f3n \u201cVida Independiente M\u00e9xico\u201d, que mediante una serie de retos y metas ayudan a los participantes a vencer obst\u00e1culos, alcanzar su autonom\u00eda y llevar una vida de inclusi\u00f3n donde vayan, ya sea a la escuela, practicar alg\u00fan deporte o asistir a sus centros laborales.<\/p>\n<p>Por lo anterior, el DIF Estatal invita a las personas con discapacidad f\u00edsica, motora y usuarios con sillas de ruedas con movilidad en la parte superior del cuerpo a que participen y se inscriban a este curso; para mayor informaci\u00f3n pueden acudir a la Direcci\u00f3n de Atenci\u00f3n Social y Discapacidad, ubicada en la calle 8, entre 61 y 63, Centro Hist\u00f3rico, o llamar a los tel\u00e9fonos 01(981) 127 1329 y 81 102 18 extensi\u00f3n 108 0 109.<\/p>\n<p><\/p>\n","protected":false},"excerpt":{"rendered":"<p>El DIF, a trav\u00e9s de la Direcci\u00f3n de Atenci\u00f3n Social y Discapacidad, realizar\u00e1 el curso gratuito de \u201cVida Independiente\u201d<\/p>\n","protected":false},"author":1018,"featured_media":0,"comment_status":"open","ping_status":"open","sticky":false,"template":"","format":"standard","meta":{"tdm_status":"","tdm_grid_status":"","footnotes":""},"categories":[27],"tags":[],"_links":{"self":[{"href":"https:\/\/dralvarez.com.mx\/larevista\/wp-json\/wp\/v2\/posts\/67867"}],"collection":[{"href":"https:\/\/dralvarez.com.mx\/larevista\/wp-json\/wp\/v2\/posts"}],"about":[{"href":"https:\/\/dralvarez.com.mx\/larevista\/wp-json\/wp\/v2\/types\/post"}],"author":[{"embeddable":true,"href":"https:\/\/dralvarez.com.mx\/larevista\/wp-json\/wp\/v2\/users\/1018"}],"replies":[{"embeddable":true,"href":"https:\/\/dralvarez.com.mx\/larevista\/wp-json\/wp\/v2\/comments?post=67867"}],"version-history":[{"count":0,"href":"https:\/\/dralvarez.com.mx\/larevista\/wp-json\/wp\/v2\/posts\/67867\/revisions"}],"wp:attachment":[{"href":"https:\/\/dralvarez.com.mx\/larevista\/wp-json\/wp\/v2\/media?parent=67867"}],"wp:term":[{"taxonomy":"category","embeddable":true,"href":"https:\/\/dralvarez.com.mx\/larevista\/wp-json\/wp\/v2\/categories?post=67867"},{"taxonomy":"post_tag","embeddable":true,"href":"https:\/\/dralvarez.com.mx\/larevista\/wp-json\/wp\/v2\/tags?post=67867"}],"curies":[{"name":"wp","href":"https:\/\/api.w.org\/{rel}","templated":true}]}}