{"id":67854,"date":"2018-07-24T00:00:00","date_gmt":"2018-07-24T06:00:00","guid":{"rendered":"https:\/\/dralvarez.com.mx\/larevista\/blog\/gobernador-amc-reunion-ubicacion-paradero-imss-27851"},"modified":"2018-07-24T00:00:00","modified_gmt":"2018-07-24T06:00:00","slug":"gobernador-amc-reunion-ubicacion-paradero-imss-27851","status":"publish","type":"post","link":"https:\/\/dralvarez.com.mx\/larevista\/compeche\/gobernador-amc-reunion-ubicacion-paradero-imss-27851","title":{"rendered":"Gobernador AMC-reuni\u00f3n ubicaci\u00f3n paradero IMSS"},"content":{"rendered":"<p>El gobernador Alejandro Moreno C\u00e1rdenas encabez\u00f3 una reuni\u00f3n de trabajo con titulares de diversas instancias estatales y municipales para analizar las propuestas m\u00e1s viables de ubicaci\u00f3n del paradero de transporte urbano en las inmediaciones del Hospital General de Zona # 1 del IMSS. En el encuentro tambi\u00e9n particip\u00f3 el secretario general de Gobierno, Carlos Miguel Aysa Gonz\u00e1lez.<\/p>\n","protected":false},"excerpt":{"rendered":"<p>El gobernador Alejandro Moreno C\u00e1rdenas encabez\u00f3 una reuni\u00f3n de trabajo con titulares de diversas instancias estatales y municipales&#8230;<\/p>\n","protected":false},"author":1018,"featured_media":0,"comment_status":"open","ping_status":"open","sticky":false,"template":"","format":"standard","meta":{"tdm_status":"","tdm_grid_status":"","footnotes":""},"categories":[27],"tags":[],"_links":{"self":[{"href":"https:\/\/dralvarez.com.mx\/larevista\/wp-json\/wp\/v2\/posts\/67854"}],"collection":[{"href":"https:\/\/dralvarez.com.mx\/larevista\/wp-json\/wp\/v2\/posts"}],"about":[{"href":"https:\/\/dralvarez.com.mx\/larevista\/wp-json\/wp\/v2\/types\/post"}],"author":[{"embeddable":true,"href":"https:\/\/dralvarez.com.mx\/larevista\/wp-json\/wp\/v2\/users\/1018"}],"replies":[{"embeddable":true,"href":"https:\/\/dralvarez.com.mx\/larevista\/wp-json\/wp\/v2\/comments?post=67854"}],"version-history":[{"count":0,"href":"https:\/\/dralvarez.com.mx\/larevista\/wp-json\/wp\/v2\/posts\/67854\/revisions"}],"wp:attachment":[{"href":"https:\/\/dralvarez.com.mx\/larevista\/wp-json\/wp\/v2\/media?parent=67854"}],"wp:term":[{"taxonomy":"category","embeddable":true,"href":"https:\/\/dralvarez.com.mx\/larevista\/wp-json\/wp\/v2\/categories?post=67854"},{"taxonomy":"post_tag","embeddable":true,"href":"https:\/\/dralvarez.com.mx\/larevista\/wp-json\/wp\/v2\/tags?post=67854"}],"curies":[{"name":"wp","href":"https:\/\/api.w.org\/{rel}","templated":true}]}}