{"id":67821,"date":"2018-07-23T00:00:00","date_gmt":"2018-07-23T06:00:00","guid":{"rendered":"https:\/\/dralvarez.com.mx\/larevista\/blog\/empresarios-y-emprendedores-de-carmen-conocen-herramientas-para-hacer-crecer-sus-negocios-en-internet-27817"},"modified":"2018-07-23T00:00:00","modified_gmt":"2018-07-23T06:00:00","slug":"empresarios-y-emprendedores-de-carmen-conocen-herramientas-para-hacer-crecer-sus-negocios-en-internet-27817","status":"publish","type":"post","link":"https:\/\/dralvarez.com.mx\/larevista\/compeche\/empresarios-y-emprendedores-de-carmen-conocen-herramientas-para-hacer-crecer-sus-negocios-en-internet-27817","title":{"rendered":"Empresarios y emprendedores de Carmen conocen herramientas para hacer crecer sus negocios en internet"},"content":{"rendered":"<\/p>\n<p>M\u00e1s de 350 empresarios, emprendedores y j\u00f3venes universitarios del municipio de Carmen conocieron herramientas y t\u00e9cnicas para hacer crecer su negocios a trav\u00e9s de internet en la conferencia \u201cImpulsa tu Empresa con Facebook\u201d, desarrollada en conjunto entre el Instituto para el Desarrollo de la Micro, Peque\u00f1a y Mediana Empresa (INDEMIPYME) y FUNDES Latiam\u00e9rica, en la que los asistentes escucharon a conferencistas capacitados por Facebook y especialistas en temas de gesti\u00f3n empresarial.<\/p>\n<p>El director del INDEMIPYME, Abraham Azar Lemus, destac\u00f3 la importancia de este evento pues \u201clos asistentes aprendieron t\u00e9cnicas para optimizar el uso de las redes sociales como Facebook, Instagram y Messenger para llegar a un mayor n\u00famero de clientes\u201d. A este evento asistieron tambi\u00e9n la Subsecretar\u00eda de Vinculaci\u00f3n de la SEDECO, Celina Santos Alayola; el gerente de Proyectos de Fundes M\u00e9xico, Mario Romero Carsolio; y de Policy Programs Edelman de Facebook, Ra\u00fal Mart\u00ednez.<\/p>\n<p><\/p>\n","protected":false},"excerpt":{"rendered":"<p>M\u00e1s de 350 empresarios, emprendedores y j\u00f3venes universitarios del municipio de Carmen conocieron herramientas y t\u00e9cnicas para hacer crecer su negocio<\/p>\n","protected":false},"author":1018,"featured_media":0,"comment_status":"open","ping_status":"open","sticky":false,"template":"","format":"standard","meta":{"tdm_status":"","tdm_grid_status":"","footnotes":""},"categories":[27],"tags":[],"_links":{"self":[{"href":"https:\/\/dralvarez.com.mx\/larevista\/wp-json\/wp\/v2\/posts\/67821"}],"collection":[{"href":"https:\/\/dralvarez.com.mx\/larevista\/wp-json\/wp\/v2\/posts"}],"about":[{"href":"https:\/\/dralvarez.com.mx\/larevista\/wp-json\/wp\/v2\/types\/post"}],"author":[{"embeddable":true,"href":"https:\/\/dralvarez.com.mx\/larevista\/wp-json\/wp\/v2\/users\/1018"}],"replies":[{"embeddable":true,"href":"https:\/\/dralvarez.com.mx\/larevista\/wp-json\/wp\/v2\/comments?post=67821"}],"version-history":[{"count":0,"href":"https:\/\/dralvarez.com.mx\/larevista\/wp-json\/wp\/v2\/posts\/67821\/revisions"}],"wp:attachment":[{"href":"https:\/\/dralvarez.com.mx\/larevista\/wp-json\/wp\/v2\/media?parent=67821"}],"wp:term":[{"taxonomy":"category","embeddable":true,"href":"https:\/\/dralvarez.com.mx\/larevista\/wp-json\/wp\/v2\/categories?post=67821"},{"taxonomy":"post_tag","embeddable":true,"href":"https:\/\/dralvarez.com.mx\/larevista\/wp-json\/wp\/v2\/tags?post=67821"}],"curies":[{"name":"wp","href":"https:\/\/api.w.org\/{rel}","templated":true}]}}