{"id":67794,"date":"2018-07-20T00:00:00","date_gmt":"2018-07-20T06:00:00","guid":{"rendered":"https:\/\/dralvarez.com.mx\/larevista\/blog\/docentes-factor-fundamental-para-transformar-la-sociedad-medina-farfan-27789"},"modified":"2018-07-20T00:00:00","modified_gmt":"2018-07-20T06:00:00","slug":"docentes-factor-fundamental-para-transformar-la-sociedad-medina-farfan-27789","status":"publish","type":"post","link":"https:\/\/dralvarez.com.mx\/larevista\/compeche\/docentes-factor-fundamental-para-transformar-la-sociedad-medina-farfan-27789","title":{"rendered":"Docentes, factor fundamental para transformar la sociedad: Medina Farf\u00e1n"},"content":{"rendered":"<\/p>\n<p>\u201cLa educaci\u00f3n es la clave y la oportunidad de desarrollo para nuestro Estado, para nuestro pa\u00eds, y para nuestra sociedad, no hay elemento m\u00e1s importante que ella, porque transforma y permite generar bienestar, pero para que la educaci\u00f3n se imparta y se llegue a todos los rincones, sin duda el papel del docente es fundamental, porque s\u00f3lo a trav\u00e9s de los maestros y maestras se puede consolidar o ampliar el potencial de las personas y transformar la sociedad\u201d, afirm\u00f3 el titular de la Secretar\u00eda de Educaci\u00f3n de Campeche (SEDUC), Ricardo Medina Farf\u00e1n, al encabezar la Ceremonia de Graduaci\u00f3n de la Generaci\u00f3n 2014-2018 de la Escuela Normal de Licenciatura en Educaci\u00f3n Primaria de Calkin\u00ed.<\/p>\n<p>Previo al acto de entrega de documentos a los 16 j\u00f3venes egresados que los certifica como licenciados y futuros docentes, el titular de la SEDUC destac\u00f3 el gran compromiso que han adquirido al consolidar su preparaci\u00f3n como formadores, ya que la labor docente es la de ser ejemplo, de dejar huella a donde llegue, pues ellos tienen el don de transformar por donde pasan, \u201cuna caracter\u00edstica \u00fanica, ya que ninguna otra tiene el compromiso tan trascendental de formar a otros profesionistas y profesionales\u201d, dijo.<\/p>\n<p>\u201cHoy los maestros est\u00e1n llamados a la innovaci\u00f3n educativa, a ser creativos, a desarrollar no solamente su potencial en el aula, sino ayudar a los dem\u00e1s para que puedan alcanzar ese potencial que tanto esperamos, eso es parte de lo que tendr\u00e1n que realizar por el bien de su comunidad, por el bien de Campeche, por el bien de M\u00e9xico; nuestro pa\u00eds demanda muchas necesidades de crecimiento y sin duda la mejor v\u00eda, la mejor ruta para alcanzar estas necesidades es a trav\u00e9s de la educaci\u00f3n, por eso estamos comprometidos para que &nbsp;alcancen el \u00e9xito en su funci\u00f3n, ya que el \u00e9xito profesional de ustedes va a representar el \u00e9xito de nuestros ni\u00f1os, ni\u00f1as y j\u00f3venes\u201d, puntualiz\u00f3.<\/p>\n<p>Medina Farf\u00e1n exhort\u00f3 a los profesionistas, y actuales egresados a no dejar de prepararse porque ellos est\u00e1n llamados a ser inspiradores, adem\u00e1s de convocarlos a ejercer con pasi\u00f3n su funci\u00f3n en los centros escolares.<\/p>\n<p>Por su parte, el director de este centro escolar, Adolfo Mayor Cuevas, en primera instancia agradeci\u00f3 el apoyo que el Gobierno del Estado, a trav\u00e9s de la SEDUC, ha brindado a la instituci\u00f3n para llevar a cabo acciones de mejora en sus instalaciones; por tanto es que dijo que la Escuela Normal en Educaci\u00f3n Primaria tiene la firme convicci\u00f3n de abonar para el desarrollo de la educaci\u00f3n, al formar profesionistas listos para servir a la ni\u00f1ez y se tiene la confianza que en cualquier punto donde presten sus servicios, pondr\u00e1n en alto el nombre de su escuela.<\/p>\n<p>La alumna Alondra Isabel Tamay Chi, en representaci\u00f3n de los egresados de esta generaci\u00f3n, se comprometi\u00f3 a trabajar en pro de la educaci\u00f3n del pa\u00eds y con su trabajo, contribuir a la formaci\u00f3n de seres humanos competentes.<\/p>\n<p>Cabe destacar que el titular de la SEDUC fue invitado por los alumnos a apadrinar esta generaci\u00f3n de egresados de la Escuela Normal en Educaci\u00f3n Primaria de Calkin\u00ed, a quienes durante esta misma ceremonia hizo entrega de su documentaci\u00f3n oficial.<\/p><\/p>\n","protected":false},"excerpt":{"rendered":"<p>Titular de SEDUC preside ceremonia de graduaci\u00f3n de la Escuela Normal de Licenciatura en Educaci\u00f3n Primaria de Calkin\u00ed&#8230;<\/p>\n","protected":false},"author":1018,"featured_media":0,"comment_status":"open","ping_status":"open","sticky":false,"template":"","format":"standard","meta":{"tdm_status":"","tdm_grid_status":"","footnotes":""},"categories":[27],"tags":[],"_links":{"self":[{"href":"https:\/\/dralvarez.com.mx\/larevista\/wp-json\/wp\/v2\/posts\/67794"}],"collection":[{"href":"https:\/\/dralvarez.com.mx\/larevista\/wp-json\/wp\/v2\/posts"}],"about":[{"href":"https:\/\/dralvarez.com.mx\/larevista\/wp-json\/wp\/v2\/types\/post"}],"author":[{"embeddable":true,"href":"https:\/\/dralvarez.com.mx\/larevista\/wp-json\/wp\/v2\/users\/1018"}],"replies":[{"embeddable":true,"href":"https:\/\/dralvarez.com.mx\/larevista\/wp-json\/wp\/v2\/comments?post=67794"}],"version-history":[{"count":0,"href":"https:\/\/dralvarez.com.mx\/larevista\/wp-json\/wp\/v2\/posts\/67794\/revisions"}],"wp:attachment":[{"href":"https:\/\/dralvarez.com.mx\/larevista\/wp-json\/wp\/v2\/media?parent=67794"}],"wp:term":[{"taxonomy":"category","embeddable":true,"href":"https:\/\/dralvarez.com.mx\/larevista\/wp-json\/wp\/v2\/categories?post=67794"},{"taxonomy":"post_tag","embeddable":true,"href":"https:\/\/dralvarez.com.mx\/larevista\/wp-json\/wp\/v2\/tags?post=67794"}],"curies":[{"name":"wp","href":"https:\/\/api.w.org\/{rel}","templated":true}]}}