{"id":67789,"date":"2018-07-20T00:00:00","date_gmt":"2018-07-20T06:00:00","guid":{"rendered":"https:\/\/dralvarez.com.mx\/larevista\/blog\/sedesyh-entrega-recursos-para-mejorar-la-imagen-de-comunidades-de-hopelchen-27784"},"modified":"2018-07-20T00:00:00","modified_gmt":"2018-07-20T06:00:00","slug":"sedesyh-entrega-recursos-para-mejorar-la-imagen-de-comunidades-de-hopelchen-27784","status":"publish","type":"post","link":"https:\/\/dralvarez.com.mx\/larevista\/compeche\/sedesyh-entrega-recursos-para-mejorar-la-imagen-de-comunidades-de-hopelchen-27784","title":{"rendered":"SEDESYH entrega recursos para mejorar la imagen de comunidades de hopelch\u00e9n"},"content":{"rendered":"<p>El Gobierno del Estado, a trav\u00e9s de la Secretar\u00eda de Desarrollo Social y Humano (SEDESYH) entreg\u00f3 recursos por 460 mil pesos del programa \u201cSoluciones\u201d, en su vertiente \u201cCrece Tu Comunidad\u201d, a \u201cEquipos para Crecer\u201d de 12 comunidades del municipio de Hopelch\u00e9n, para realizar acciones que contribuyan a mejorar el entorno de sus colonias o localidades.<\/p>\n<p>En la comunidad de Bolonch\u00e9n de Rej\u00f3n, el encargado del despacho de la SEDESYH, Luis Jorge Medina Minet, hizo entrega de este recurso a \u201cEquipos para Crecer\u201d de las comunidades de Bolonch\u00e9n de Rej\u00f3n, Xculoc, San Antonio Yaxch\u00e9, Chunyaxnic, Xcanahalt\u00fan Huechil Unidos, Katab, San Juan Bautista Sahcabch\u00e9, San Francisco Suc Tuc, Yaxch\u00e9 Akal, Santa Rita Becanch\u00e9n, Xcupil Cacab, y Komch\u00e9n, donde se rehabilitar\u00e1n pozos, campos y canchas de usos m\u00faltiples, as\u00ed como casas de salud y una escuela preescolar ind\u00edgena.<\/p>\n<p>Se\u00f1al\u00f3 que una vez invertidos los recursos del programa y concluidas las acciones, se ver\u00e1n beneficiadas m\u00e1s de 10 mil personas que habitan estas 12 comunidades.<\/p>\n<p>Medina Minet coment\u00f3 que este programa fue implementado por instrucciones del Gobernador Alejandro Moreno C\u00e1rdenas para lograr una actuaci\u00f3n conjunta entre sociedad y gobierno, contribuyendo a aumentar la calidad de vida de las familias campechanas.<\/p>\n<p>Agreg\u00f3 que, a trav\u00e9s del programa \u201cSoluciones\u201d, los  habitantes de las colonias y de las zonas rurales deciden cu\u00e1les son las necesidades prioritarias en su localidad, y planean junto con el gobierno qu\u00e9 hacer y c\u00f3mo hacerlo, asent\u00f3.<\/p>\n<p>Por su parte, los beneficiarios agradecieron la preocupaci\u00f3n del Presidente Enrique Pe\u00f1a Nieto y del Gobernador Alejandro Moreno C\u00e1rdenas por mejorar las condiciones de los espacios p\u00fablicos, para que los ni\u00f1os, j\u00f3venes y adultos puedan tener un mejor desarrollo; adem\u00e1s de hacerlos part\u00edcipes de estas mejoras para sus propias colonias o comunidades para un mejor futuro de las nuevas generaciones.<\/p>\n","protected":false},"excerpt":{"rendered":"<p>El Gobierno del Estado, a trav\u00e9s de la Secretar\u00eda de Desarrollo Social y Humano (SEDESYH) entreg\u00f3 recursos por 460 mil pesos del programa \u201cSoluciones\u201d<\/p>\n","protected":false},"author":1018,"featured_media":0,"comment_status":"open","ping_status":"open","sticky":false,"template":"","format":"standard","meta":{"tdm_status":"","tdm_grid_status":"","footnotes":""},"categories":[27],"tags":[],"_links":{"self":[{"href":"https:\/\/dralvarez.com.mx\/larevista\/wp-json\/wp\/v2\/posts\/67789"}],"collection":[{"href":"https:\/\/dralvarez.com.mx\/larevista\/wp-json\/wp\/v2\/posts"}],"about":[{"href":"https:\/\/dralvarez.com.mx\/larevista\/wp-json\/wp\/v2\/types\/post"}],"author":[{"embeddable":true,"href":"https:\/\/dralvarez.com.mx\/larevista\/wp-json\/wp\/v2\/users\/1018"}],"replies":[{"embeddable":true,"href":"https:\/\/dralvarez.com.mx\/larevista\/wp-json\/wp\/v2\/comments?post=67789"}],"version-history":[{"count":0,"href":"https:\/\/dralvarez.com.mx\/larevista\/wp-json\/wp\/v2\/posts\/67789\/revisions"}],"wp:attachment":[{"href":"https:\/\/dralvarez.com.mx\/larevista\/wp-json\/wp\/v2\/media?parent=67789"}],"wp:term":[{"taxonomy":"category","embeddable":true,"href":"https:\/\/dralvarez.com.mx\/larevista\/wp-json\/wp\/v2\/categories?post=67789"},{"taxonomy":"post_tag","embeddable":true,"href":"https:\/\/dralvarez.com.mx\/larevista\/wp-json\/wp\/v2\/tags?post=67789"}],"curies":[{"name":"wp","href":"https:\/\/api.w.org\/{rel}","templated":true}]}}