{"id":67760,"date":"2018-07-20T00:00:00","date_gmt":"2018-07-20T06:00:00","guid":{"rendered":"https:\/\/dralvarez.com.mx\/larevista\/blog\/sientan-bases-institucionales-seduc-y-tsje-para-pago-efectivo-de-pension-alimentaria-27755"},"modified":"2018-07-20T00:00:00","modified_gmt":"2018-07-20T06:00:00","slug":"sientan-bases-institucionales-seduc-y-tsje-para-pago-efectivo-de-pension-alimentaria-27755","status":"publish","type":"post","link":"https:\/\/dralvarez.com.mx\/larevista\/compeche\/sientan-bases-institucionales-seduc-y-tsje-para-pago-efectivo-de-pension-alimentaria-27755","title":{"rendered":"SIENTAN BASES INSTITUCIONALES SEDUC Y TSJE PARA PAGO EFECTIVO DE PENSI\u00d3N ALIMENTARIA"},"content":{"rendered":"<\/p>\n<p>Con el objetivo de establecer bases de coordinaci\u00f3n institucional, que permita la dispersi\u00f3n de los pagos correspondientes de pensiones alimentarias, retenidas a personal del programa de Escuelas de Tiempo Completo (PETC), que opera la Secretar\u00eda de Educaci\u00f3n del Estado de Campeche (SEDUC), fue signado un convenio de colaboraci\u00f3n con el Consejo de la Judicatura Local.<\/p>\n<p>En el sal\u00f3n de sesiones \u201cLicenciado Renato Sales Gasque\u201d, del Poder Judicial del Estado, el titular de la SEDUC, Ricardo Medina Farf\u00e1n, y el Magistrado Presidente del Tribunal Superior de Justicia del Estado (TSJE), Miguel \u00c1ngel Chuc L\u00f3pez, previo a consolidar este acuerdo, destacaron las bondades de esta alianza, ya que permitir\u00e1 la dispersi\u00f3n de dicho recurso.<\/p>\n<p>El titular de la SEDUC explic\u00f3 que por causas ajenas a la dependencia, en ocasiones los beneficiarios de estos recursos no acuden a realizar el cobro correspondiente ante la dependencia estatal, pero a trav\u00e9s de esta medida se podr\u00e1 realizar esta dispersi\u00f3n a trav\u00e9s de la Central de Consignaci\u00f3n de Pensi\u00f3n Alimentaria del Primer Distrito Judicial del Estado.<\/p>\n<p>Medina Farf\u00e1n agradeci\u00f3 el apoyo del TSJE por la disponibilidad de respaldar a esta medida, ya que contribuye a liberar un proceso administrativo que era de gran importancia para la correcta operaci\u00f3n del PETC en Campeche y garantizar el derecho de la alimentaci\u00f3n de las personas beneficiadas de este derecho.<\/p>\n<p>\u201cCon esta posibilidad se garantiza que los beneficiarios ejerzan su derecho y al mismo tiempo, ser\u00e1 un mecanismo transparente claro, objetivo y eficaz, administrativa y presupuestalmente, para que todo se cumpla como la ley manda y qu\u00e9 mejor que con el Tribunal que es una instituci\u00f3n comprometida con la aplicaci\u00f3n correcta a trav\u00e9s de los \u00f3rganos legales\u201d, acot\u00f3.<\/p>\n<p>El funcionario estatal detall\u00f3 que actualmente en la entidad son dos mil 324 personas que reciben recurso del componente de apoyo econ\u00f3mico 2018 a trav\u00e9s del PECT: 432 directores, mil 690 docentes y 202 intendentes; de los cuales 245 personas reciben pensi\u00f3n alimenticia.<\/p>\n<p>Cabe mencionar que este convenio fue signado tambi\u00e9n por el subsecretario de Servicios Administrativos de la SEDUC, Miguel Zanoguera Canto, y por parte del Consejo de la Judicatura del Poder Judicial del Estado, Concepci\u00f3n del Carmen Canto Santos. Estuvieron presentes atestiguando el acto, personal del \u00e1rea jur\u00eddica de la dependencia estatal, de la Coordinaci\u00f3n del PETC, as\u00ed como consejeras, consejeros y el Oficial Mayor del TSJE<\/p><\/p>\n","protected":false},"excerpt":{"rendered":"<p>Signan convenio de colaboraci\u00f3n por retenciones a personal del PETC<\/p>\n","protected":false},"author":1018,"featured_media":0,"comment_status":"open","ping_status":"open","sticky":false,"template":"","format":"standard","meta":{"tdm_status":"","tdm_grid_status":"","footnotes":""},"categories":[27],"tags":[],"_links":{"self":[{"href":"https:\/\/dralvarez.com.mx\/larevista\/wp-json\/wp\/v2\/posts\/67760"}],"collection":[{"href":"https:\/\/dralvarez.com.mx\/larevista\/wp-json\/wp\/v2\/posts"}],"about":[{"href":"https:\/\/dralvarez.com.mx\/larevista\/wp-json\/wp\/v2\/types\/post"}],"author":[{"embeddable":true,"href":"https:\/\/dralvarez.com.mx\/larevista\/wp-json\/wp\/v2\/users\/1018"}],"replies":[{"embeddable":true,"href":"https:\/\/dralvarez.com.mx\/larevista\/wp-json\/wp\/v2\/comments?post=67760"}],"version-history":[{"count":0,"href":"https:\/\/dralvarez.com.mx\/larevista\/wp-json\/wp\/v2\/posts\/67760\/revisions"}],"wp:attachment":[{"href":"https:\/\/dralvarez.com.mx\/larevista\/wp-json\/wp\/v2\/media?parent=67760"}],"wp:term":[{"taxonomy":"category","embeddable":true,"href":"https:\/\/dralvarez.com.mx\/larevista\/wp-json\/wp\/v2\/categories?post=67760"},{"taxonomy":"post_tag","embeddable":true,"href":"https:\/\/dralvarez.com.mx\/larevista\/wp-json\/wp\/v2\/tags?post=67760"}],"curies":[{"name":"wp","href":"https:\/\/api.w.org\/{rel}","templated":true}]}}