{"id":67745,"date":"2018-07-19T00:00:00","date_gmt":"2018-07-19T06:00:00","guid":{"rendered":"https:\/\/dralvarez.com.mx\/larevista\/blog\/ieea-realiza-jornada-estatal-de-acreditacion-para-alfabetizacion-y-primaria-27740"},"modified":"2018-07-19T00:00:00","modified_gmt":"2018-07-19T06:00:00","slug":"ieea-realiza-jornada-estatal-de-acreditacion-para-alfabetizacion-y-primaria-27740","status":"publish","type":"post","link":"https:\/\/dralvarez.com.mx\/larevista\/compeche\/ieea-realiza-jornada-estatal-de-acreditacion-para-alfabetizacion-y-primaria-27740","title":{"rendered":"IEEA realiza jornada estatal de acreditaci\u00f3n para alfabetizaci\u00f3n y primaria"},"content":{"rendered":"<\/p>\n<p>El Instituto Estatal de la Educaci\u00f3n para los Adultos (IEEA) da a conocer que los d\u00edas 20, 21 y 22 de julio se efectuar\u00e1 la Jornada de Incorporaci\u00f3n, Acreditaci\u00f3n y Certificaci\u00f3n 2018 en todo el Estado, cuya meta es acercar los servicios del Instituto al mayor n\u00famero de personas que no saben leer y escribir o no iniciaron o concluyeron sus estudios de educaci\u00f3n b\u00e1sica (primaria o secundaria), brind\u00e1ndoles la oportunidad de tener continuidad educativa y una mejor calidad de vida.<\/p>\n<p>Cabe se\u00f1alar que este es un esfuerzo gratuito que lleva a cabo el INEA de manera simult\u00e1nea &nbsp;en todo el pa\u00eds; adem\u00e1s que esta jornada, denominada de Acreditaci\u00f3n del M\u00f3dulo la Palabra y Certificaci\u00f3n de Primaria, tiene como objetivo que todos los j\u00f3venes y adultos de 15 a\u00f1os o m\u00e1s puedan acreditar, ya sea el nivel de alfabetizaci\u00f3n o avanzar en su educaci\u00f3n b\u00e1sica.<\/p>\n<p>Los interesados en participar en la jornada s\u00f3lo necesitan tener m\u00e1s de 15 a\u00f1os, y presentar original y copia del CURP o Acta de Nacimiento, de la identificaci\u00f3n con fotograf\u00eda o de la credencial del INE, si la persona es mayor de edad.<\/p>\n<p>Asimismo, esta jornada tambi\u00e9n est\u00e1 pensada para la poblaci\u00f3n en general interesada en certificar sus conocimientos de primaria a trav\u00e9s del Programa de Certificaci\u00f3n (PEC), que eval\u00faa los aprendizajes adquiridos en la vida y el trabajo y certifica los conocimientos que los adultos han logrado a trav\u00e9s de sus propias destrezas y habilidades. .<\/p>\n<p>Para mayor informaci\u00f3n, el IEEA pone a disposici\u00f3n de la poblaci\u00f3n sus Plazas Comunitarias ubicadas en los once municipios, los n\u00fameros lada sin costo 01-800-832-57-73 y 01-800-614-95-30, as\u00ed como atenci\u00f3n personalizada a trav\u00e9s de WhatsApp en el n\u00famero 556-086-4922, y en sus redes sociales: ieea_campeche.<\/p><\/p>\n","protected":false},"excerpt":{"rendered":"<p>El Instituto Estatal de la Educaci\u00f3n para los Adultos (IEEA) da a conocer que los d\u00edas 20, 21 y 22 de julio se efectuar\u00e1 la Jornada de Incorporaci\u00f3n,<\/p>\n","protected":false},"author":1018,"featured_media":0,"comment_status":"open","ping_status":"open","sticky":false,"template":"","format":"standard","meta":{"tdm_status":"","tdm_grid_status":"","footnotes":""},"categories":[27],"tags":[],"_links":{"self":[{"href":"https:\/\/dralvarez.com.mx\/larevista\/wp-json\/wp\/v2\/posts\/67745"}],"collection":[{"href":"https:\/\/dralvarez.com.mx\/larevista\/wp-json\/wp\/v2\/posts"}],"about":[{"href":"https:\/\/dralvarez.com.mx\/larevista\/wp-json\/wp\/v2\/types\/post"}],"author":[{"embeddable":true,"href":"https:\/\/dralvarez.com.mx\/larevista\/wp-json\/wp\/v2\/users\/1018"}],"replies":[{"embeddable":true,"href":"https:\/\/dralvarez.com.mx\/larevista\/wp-json\/wp\/v2\/comments?post=67745"}],"version-history":[{"count":0,"href":"https:\/\/dralvarez.com.mx\/larevista\/wp-json\/wp\/v2\/posts\/67745\/revisions"}],"wp:attachment":[{"href":"https:\/\/dralvarez.com.mx\/larevista\/wp-json\/wp\/v2\/media?parent=67745"}],"wp:term":[{"taxonomy":"category","embeddable":true,"href":"https:\/\/dralvarez.com.mx\/larevista\/wp-json\/wp\/v2\/categories?post=67745"},{"taxonomy":"post_tag","embeddable":true,"href":"https:\/\/dralvarez.com.mx\/larevista\/wp-json\/wp\/v2\/tags?post=67745"}],"curies":[{"name":"wp","href":"https:\/\/api.w.org\/{rel}","templated":true}]}}