{"id":67744,"date":"2018-07-19T00:00:00","date_gmt":"2018-07-19T06:00:00","guid":{"rendered":"https:\/\/dralvarez.com.mx\/larevista\/blog\/inician-cursos-de-verano-2018-del-sistema-dif-estatal-27739"},"modified":"2018-07-19T00:00:00","modified_gmt":"2018-07-19T06:00:00","slug":"inician-cursos-de-verano-2018-del-sistema-dif-estatal-27739","status":"publish","type":"post","link":"https:\/\/dralvarez.com.mx\/larevista\/compeche\/inician-cursos-de-verano-2018-del-sistema-dif-estatal-27739","title":{"rendered":"Inician cursos de verano 2018 del sistema dif estatal"},"content":{"rendered":"<\/p>\n<p>En un ambiente de sana convivencia y trabajo en<br \/>\nequipo, arrancaron las actividades de los Cursos de Verano del Sistema Estatal<br \/>\npara el Desarrollo Integral de la Familia (DIF) 2018, donde participa un total<br \/>\nde mil 155 ni\u00f1as, ni\u00f1os, adolescentes, personas con discapacidad y adultos<br \/>\nmayores, en diferentes actividades.<\/p>\n<p>Al dar el banderazo de inicio en el parque<br \/>\nCampeche, la Directora General del DIF, Silvia Elena Parrao Arceo, en representaci\u00f3n<br \/>\nde la Presidenta del Patronato del DIF Estatal, Christelle Casta\u00f1\u00f3n de Moreno, signific\u00f3<br \/>\nque los cursos de verano se organizan justo para proteger a los ni\u00f1os, ni\u00f1as y<br \/>\nadolescentes, para que en vez de quedarse en la casa, desarrollen actividades<br \/>\nrecreativas, deportivas<\/p>\n<p>\u201cAgradezco a todos los instructores, a los<br \/>\nresponsables de los Centros de Desarrollo Comunitario (CDC), a las promotoras<br \/>\ntitulares, que siempre est\u00e9n ah\u00ed pendientes para que cuenten con las mejores<br \/>\ncondiciones en sus centros\u201d, dijo.<\/p>\n<p>Cabe se\u00f1alar que en los cursos de verano<br \/>\nparticipan los CDC, los Centros de Desarrollo y Capacitaci\u00f3n (CEDECA), el<br \/>\nCentro Art\u00edstico y Cultural \u201cLeovigildo G\u00f3mez\u201d, el Centro de Rehabilitaci\u00f3n<br \/>\nAcu\u00e1tica y Clases de Nataci\u00f3n, y la Direcci\u00f3n de Atenci\u00f3n Integral al Adulto<br \/>\nMayor (DAIAM), donde se fomentar\u00e1n habilidades creativas y de expresi\u00f3n<br \/>\nimportantes para el desarrollo integral<br \/>\ny cultural de los asistentes.<\/p>\n<p>De esta forma, por parte de la  Direcci\u00f3n de Desarrollo Familiar y<br \/>\nVoluntariado los cursos ser\u00e1n \u201cDIFundiendo las Artes\u201d, en coordinaci\u00f3n con la<br \/>\nSecretar\u00eda de Cultura (SECULT), con dos sedes: en la Casa de la Cultura del municipio<br \/>\nde Champot\u00f3n, del 23 al 27 de julio, con un horario de 8:30 a 13:00 horas, beneficiando<br \/>\na 80 ni\u00f1as y ni\u00f1os.<\/p>\n<p>Y en la Casa de la Cultura del municipio de<br \/>\nEsc\u00e1rcega, del 23 al 27 de julio, con un horario de 8:30 a 13:00 horas, donde participar\u00e1n  80 ni\u00f1as y ni\u00f1os; as\u00ed como el curso de verano<br \/>\nde Campeche, que se realizar\u00e1 del 30 de julio al 3 de agosto, con un horario de<br \/>\n8:30 a 13:00 horas en la escuela \u201cPresidente Ruiz Cortines\u201d, participando participan  180 ni\u00f1as y ni\u00f1os de los CDC Im\u00ed II,<br \/>\nAmpliaci\u00f3n Polvor\u00edn, San Joaqu\u00edn, El Carmelo, Granjas, Bellavista, Sascalum,<br \/>\nJosefa Ortiz de Dom\u00ednguez, Lindavista y Kanist\u00e9 del municipio de Campeche, y su<br \/>\nclausura ser\u00e1 el 3 de agosto a las 10:00 horas en el Auditorio del Instituto<br \/>\nMexicano del Seguro Social (IMSS).<\/p>\n<p>Mientras que el<br \/>\nCurso de Verano en los CEDECA se llevar\u00e1 a cabo en los tres planteles, del<br \/>\n23 de julio al 3 de agosto, en el turno matutino de 9:00 a 12:00 horas y en el<br \/>\nturno vespertino de 16:00 a 19:00 horas con una cuota de recuperaci\u00f3n de 100<br \/>\npesos, beneficiando a 230 ni\u00f1as y ni\u00f1os.<\/p>\n<p>En los CDC Ampliaci\u00f3n Cuatro Caminos, Ampliaci\u00f3n<br \/>\nIgnacio Zaragoza, Camino Real, Esperanza, El Huanal, Ampliaci\u00f3n Revoluci\u00f3n, Ignacio<br \/>\nZaragoza, Imi I, M\u00e1rtires de R\u00edo Blanco, Miguel Hidalgo, Morelos 1, Pablo<br \/>\nGarc\u00eda, Plan Chac, San Antonio, San Jos\u00e9 el Alto, Vicente Guerrero, San<br \/>\nFrancisco Kob\u00e9n,  Hampolol y Siglo XXI, tambi\u00e9n<br \/>\nse realizar\u00e1n cursos de verano para un total de 380 personas aproximadamente<\/p>\n<p>Por su parte, la Direcci\u00f3n de Atenci\u00f3n Social y<br \/>\nDiscapacidad realizar\u00e1 los cursos de verano \u201cVive la naturaleza con los cuatro<br \/>\nelementos\u201d, del 23 de julio al 3 de agosto en el Centro Cultural Leovigildo<br \/>\nG\u00f3mez, con un costo de 100 pesos al p\u00fablico general y 50 pesos para las<br \/>\npersonas con discapacidad, beneficiando a 120 ni\u00f1as, ni\u00f1os, j\u00f3venes y adultos<br \/>\ncon o sin discapacidad; y \u201cNadando en verano\u201d, del 23 de julio al 3 de agosto, en<br \/>\nel Centro de Rehabilitaci\u00f3n Acu\u00e1tica y Clases de Nataci\u00f3n, con un costo de 800<br \/>\npesos, teniendo un cupo de 45 ni\u00f1as y ni\u00f1os con o sin discapacidad.<\/p>\n<p>Finalmente, la DAIAM tuvo el curso \u201cUnas<br \/>\nVacaciones DIFerentes 2018\u201d, que se llev\u00f3 a cabo del 2 al 13 de julio, donde se<br \/>\nrealizaron diversos talleres, como baile, manualidades, creaciones con material<br \/>\nde reciclaje, y en coordinaci\u00f3n con el centro INAH los talleres de leyendas de Campeche,<br \/>\nbisuter\u00eda y loter\u00eda de piratas, beneficiando a 40 adultos mayores.<\/p>\n<p>En el evento la Directora General del DIF estuvo<br \/>\nacompa\u00f1ada del titular de la Secretar\u00eda de Cultura (SECULT), Delio Ricardo Carrillo<br \/>\nP\u00e9rez, as\u00ed como de Directores del DIF y titulares de los GPC.<\/p><\/p>\n","protected":false},"excerpt":{"rendered":"<p>Mientras que el  Curso de Verano en los CEDECA se llevar\u00e1 a cabo en los tres planteles, del 23 de julio al 3 de agosto&#8230;<\/p>\n","protected":false},"author":1018,"featured_media":0,"comment_status":"open","ping_status":"open","sticky":false,"template":"","format":"standard","meta":{"tdm_status":"","tdm_grid_status":"","footnotes":""},"categories":[27],"tags":[],"_links":{"self":[{"href":"https:\/\/dralvarez.com.mx\/larevista\/wp-json\/wp\/v2\/posts\/67744"}],"collection":[{"href":"https:\/\/dralvarez.com.mx\/larevista\/wp-json\/wp\/v2\/posts"}],"about":[{"href":"https:\/\/dralvarez.com.mx\/larevista\/wp-json\/wp\/v2\/types\/post"}],"author":[{"embeddable":true,"href":"https:\/\/dralvarez.com.mx\/larevista\/wp-json\/wp\/v2\/users\/1018"}],"replies":[{"embeddable":true,"href":"https:\/\/dralvarez.com.mx\/larevista\/wp-json\/wp\/v2\/comments?post=67744"}],"version-history":[{"count":0,"href":"https:\/\/dralvarez.com.mx\/larevista\/wp-json\/wp\/v2\/posts\/67744\/revisions"}],"wp:attachment":[{"href":"https:\/\/dralvarez.com.mx\/larevista\/wp-json\/wp\/v2\/media?parent=67744"}],"wp:term":[{"taxonomy":"category","embeddable":true,"href":"https:\/\/dralvarez.com.mx\/larevista\/wp-json\/wp\/v2\/categories?post=67744"},{"taxonomy":"post_tag","embeddable":true,"href":"https:\/\/dralvarez.com.mx\/larevista\/wp-json\/wp\/v2\/tags?post=67744"}],"curies":[{"name":"wp","href":"https:\/\/api.w.org\/{rel}","templated":true}]}}