{"id":67739,"date":"2018-07-19T00:00:00","date_gmt":"2018-07-19T06:00:00","guid":{"rendered":"https:\/\/dralvarez.com.mx\/larevista\/blog\/el-centro-artistico-y-cultural-leovigildo-gomez-clausura-su-ciclo-escolar-con-el-espectaculo-campeche-vida-color-y-magia-27734"},"modified":"2018-07-19T00:00:00","modified_gmt":"2018-07-19T06:00:00","slug":"el-centro-artistico-y-cultural-leovigildo-gomez-clausura-su-ciclo-escolar-con-el-espectaculo-campeche-vida-color-y-magia-27734","status":"publish","type":"post","link":"https:\/\/dralvarez.com.mx\/larevista\/compeche\/el-centro-artistico-y-cultural-leovigildo-gomez-clausura-su-ciclo-escolar-con-el-espectaculo-campeche-vida-color-y-magia-27734","title":{"rendered":"El centro art\u00edstico y cultural \u201cleovigildo g\u00f3mez\u201d clausura su ciclo escolar con el espect\u00e1culo \u201ccampeche: vida, color y magia\u201d"},"content":{"rendered":"<\/p>\n<p>Con un despliegue de talento, m\u00e1s de 100 participantes, entre m\u00fasicos, ni\u00f1as, ni\u00f1os y adolescentes que integran los talleres que se imparten en el Centro Art\u00edstico y Cultural \u201cLeovigildo G\u00f3mez\u201d, presentaron el espect\u00e1culo \u201cCampeche, Vida, Color y Magia\u201d, como parte de la clausura del ciclo 2017-2018, recibiendo las felicitaciones de la Directora General del Sistema Estatal para el Desarrollo Integral de la Familia (DIF), Silvia Elena Parrao Arceo, en representaci\u00f3n de la Presidenta del Patronato del DIF Estatal, Christelle Casta\u00f1\u00f3n de Moreno.<\/p>\n<p>El Centro Art\u00edstico y Cultural \u201cLeovigildo G\u00f3mez\u201d es un espacio donde se ofrecen talleres multidisciplinarios de arte a personas en situaci\u00f3n social vulnerable, en el que tambi\u00e9n donde conviven las ni\u00f1as y ni\u00f1os con y sin discapacidad, y en franca inclusi\u00f3n aprenden y se divierten.<\/p>\n<p>El Centro atendi\u00f3 en este ciclo escolar 2017-208 aproximadamente a 282 usuarios en los talleres de danza, m\u00fasica, canto, literatura, bater\u00eda, piano, tradiciones campechanas, guitarra, pintura, dibujo y escultura.<\/p>\n<p>En su intervenci\u00f3n, Parrao Arceo agradeci\u00f3 la participaci\u00f3n de las y los alumnos que asisten a este centro, as\u00ed como a sus padres por estar siempre pendientes de sus hijos, y a los artistas invitados, entre ellos la Charanga del Ayuntamiento de Campeche acompa\u00f1ado de los alumnos del taller de percusiones y el cuarteto \u201cLos Rom\u00e1nticos\u201d, y como parte del elenco particip\u00f3 del Coro Inclusivo y la Compa\u00f1\u00eda Inclusiva de Artes Esc\u00e9nicas.<\/p>\n<p>Al evento asistieron los integrantes del Consejo Estatal de Discapacidad (COEDIS), las titulares de los Grupos de Participaci\u00f3n Ciudadana (GPC), los Directores de los Centro de Atenci\u00f3n M\u00faltiple (CAM) y de las Unidades de Servicios de Apoyo a la Educaci\u00f3n Regular (USAER), Directores de la diferentes \u00e1reas del DIF y padres de familia<\/p><\/p>\n","protected":false},"excerpt":{"rendered":"<p>El Centro Art\u00edstico y Cultural \u201cLeovigildo G\u00f3mez\u201d es un espacio donde se ofrecen talleres multidisciplinarios de arte a personas en situaci\u00f3n social v<\/p>\n","protected":false},"author":1018,"featured_media":0,"comment_status":"open","ping_status":"open","sticky":false,"template":"","format":"standard","meta":{"tdm_status":"","tdm_grid_status":"","footnotes":""},"categories":[27],"tags":[],"_links":{"self":[{"href":"https:\/\/dralvarez.com.mx\/larevista\/wp-json\/wp\/v2\/posts\/67739"}],"collection":[{"href":"https:\/\/dralvarez.com.mx\/larevista\/wp-json\/wp\/v2\/posts"}],"about":[{"href":"https:\/\/dralvarez.com.mx\/larevista\/wp-json\/wp\/v2\/types\/post"}],"author":[{"embeddable":true,"href":"https:\/\/dralvarez.com.mx\/larevista\/wp-json\/wp\/v2\/users\/1018"}],"replies":[{"embeddable":true,"href":"https:\/\/dralvarez.com.mx\/larevista\/wp-json\/wp\/v2\/comments?post=67739"}],"version-history":[{"count":0,"href":"https:\/\/dralvarez.com.mx\/larevista\/wp-json\/wp\/v2\/posts\/67739\/revisions"}],"wp:attachment":[{"href":"https:\/\/dralvarez.com.mx\/larevista\/wp-json\/wp\/v2\/media?parent=67739"}],"wp:term":[{"taxonomy":"category","embeddable":true,"href":"https:\/\/dralvarez.com.mx\/larevista\/wp-json\/wp\/v2\/categories?post=67739"},{"taxonomy":"post_tag","embeddable":true,"href":"https:\/\/dralvarez.com.mx\/larevista\/wp-json\/wp\/v2\/tags?post=67739"}],"curies":[{"name":"wp","href":"https:\/\/api.w.org\/{rel}","templated":true}]}}