{"id":67734,"date":"2018-07-19T00:00:00","date_gmt":"2018-07-19T06:00:00","guid":{"rendered":"https:\/\/dralvarez.com.mx\/larevista\/blog\/presentacion-de-la-obra-musical-el-libro-de-la-selva-y-exposicion-del-taller-inclusivo-de-artes-plasticas-27729"},"modified":"2018-07-19T00:00:00","modified_gmt":"2018-07-19T06:00:00","slug":"presentacion-de-la-obra-musical-el-libro-de-la-selva-y-exposicion-del-taller-inclusivo-de-artes-plasticas-27729","status":"publish","type":"post","link":"https:\/\/dralvarez.com.mx\/larevista\/compeche\/presentacion-de-la-obra-musical-el-libro-de-la-selva-y-exposicion-del-taller-inclusivo-de-artes-plasticas-27729","title":{"rendered":"Presentaci\u00f3n de la obra musical \u201cel libro de la selva\u201d y exposici\u00f3n del taller inclusivo de artes pl\u00e1sticas"},"content":{"rendered":"<\/p>\n<p>Con la presentaci\u00f3n de la obra musical \u201cEl libro de la Selva\u201d, 180 ni\u00f1as, ni\u00f1os y adolescentes que forman parte del Programa de Formaci\u00f3n Art\u00edstica Incluyente \u201cAprendiendo con el Arte\u201d, que realiza el Sistema Estatal para el Desarrollo Integral de la Familia (DIF), en coordinaci\u00f3n con la Secretaria de Educaci\u00f3n (SEDUC), a trav\u00e9s del Centro Art\u00edstico y Cultural \u201cLeovigildo G\u00f3mez\u201d, clausuraron su ciclo escolar 2017-2018 en presencia de la Presidenta del Patronato del DIF Estatal, Christelle Casta\u00f1\u00f3n de Moreno.<\/p>\n<p>Los artistas que toman sus clases en el Centro Art\u00edstico y Cultural \u201cLeovigildo G\u00f3mez\u201d pertenecen &nbsp;a los Centros de Atenci\u00f3n M\u00faltiple (CAM) y a las Unidades de Servicios de Apoyo a la Educaci\u00f3n Regular (USAER), &nbsp;integrados a los talleres de Artes Pl\u00e1sticas, M\u00fasica, Danza, Teatro y Canto.<\/p>\n<p>En su mensaje, Casta\u00f1\u00f3n de Moreno signific\u00f3 que en materia de inclusi\u00f3n Campeche se ha convertido en ejemplo a nivel nacional, logro que se ha sido posible en coordinaci\u00f3n con la SEDUC; asimismo, felicit\u00f3 a los maestros, padres de familia e instituciones que hicieron posible la integraci\u00f3n y el espect\u00e1culo.<\/p>\n<p>\u201cEn el DIF Estatal continuaremos realizando estas actividades que enaltezcan todas las habilidades de nuestros peque\u00f1os, estamos muy orgullosos de cada participante; agradecemos a cada persona que form\u00f3 parte de este hermoso espect\u00e1culo, nuestros ni\u00f1os llevan a trav\u00e9s de las artes todo su talento\u201d, dijo.<\/p>\n<p>Agradeci\u00f3 tambi\u00e9n la participaci\u00f3n de artistas invitados en la realizaci\u00f3n de las voces de los personajes principales y de la Escuela de Danza \u201cAna Pavlova\u201d en el montaje del cuadro a\u00e9reo.<\/p>\n<p>Adem\u00e1s, para la realizaci\u00f3n del espect\u00e1culo, se cont\u00f3 con el apoyo de los alumnos del taller de artes pl\u00e1sticas y del personal del Centro Art\u00edstico y Cultural \u201cLeovigildo G\u00f3mez\u201d para la elaboraci\u00f3n de la utiler\u00eda y escenograf\u00eda.<\/p>\n<p>La obra se convirti\u00f3 nuevamente en espect\u00e1culo inclusivo, donde los artistas se lucieron sus habilidades en el teatro de la ciudad \u201cFrancisco de Paula Toro\u201d.<\/p>\n<p>Por otra parte, Casta\u00f1\u00f3n de Moreno inaugur\u00f3 las exposiciones pl\u00e1sticas: \u201cSolo con el Coraz\u00f3n se puede Ver\u201d y \u201cCampeche, Vida, Color y Magia\u201d, conformada por cuadros realizados en formato de vitrales y obras con diversas t\u00e9cnicas, por los alumnos del taller Inclusivo de Artes Pl\u00e1sticas y de los CAM, plasmando en cada cuadro los conocimientos aprendidos durante el ciclo escolar 2017\u20132018.<\/p>\n<p>Al evento asistieron la Directora General del DIF, Silvia &nbsp;Elena Parrao Arceo; el titular de la SEDUC, Ricardo Medina Farf\u00e1n; y la Directora de Atenci\u00f3n Social y Discapacidad, Magaly Medina &nbsp;Farf\u00e1n.<\/p><\/p>\n","protected":false},"excerpt":{"rendered":"<p>Los artistas que toman sus clases en el Centro Art\u00edstico y Cultural \u201cLeovigildo G\u00f3mez\u201d pertenecen  a los Centros de Atenci\u00f3n M\u00faltiple (CAM)&#8230;<\/p>\n","protected":false},"author":1018,"featured_media":0,"comment_status":"open","ping_status":"open","sticky":false,"template":"","format":"standard","meta":{"tdm_status":"","tdm_grid_status":"","footnotes":""},"categories":[27],"tags":[],"_links":{"self":[{"href":"https:\/\/dralvarez.com.mx\/larevista\/wp-json\/wp\/v2\/posts\/67734"}],"collection":[{"href":"https:\/\/dralvarez.com.mx\/larevista\/wp-json\/wp\/v2\/posts"}],"about":[{"href":"https:\/\/dralvarez.com.mx\/larevista\/wp-json\/wp\/v2\/types\/post"}],"author":[{"embeddable":true,"href":"https:\/\/dralvarez.com.mx\/larevista\/wp-json\/wp\/v2\/users\/1018"}],"replies":[{"embeddable":true,"href":"https:\/\/dralvarez.com.mx\/larevista\/wp-json\/wp\/v2\/comments?post=67734"}],"version-history":[{"count":0,"href":"https:\/\/dralvarez.com.mx\/larevista\/wp-json\/wp\/v2\/posts\/67734\/revisions"}],"wp:attachment":[{"href":"https:\/\/dralvarez.com.mx\/larevista\/wp-json\/wp\/v2\/media?parent=67734"}],"wp:term":[{"taxonomy":"category","embeddable":true,"href":"https:\/\/dralvarez.com.mx\/larevista\/wp-json\/wp\/v2\/categories?post=67734"},{"taxonomy":"post_tag","embeddable":true,"href":"https:\/\/dralvarez.com.mx\/larevista\/wp-json\/wp\/v2\/tags?post=67734"}],"curies":[{"name":"wp","href":"https:\/\/api.w.org\/{rel}","templated":true}]}}