{"id":67683,"date":"2018-07-17T00:00:00","date_gmt":"2018-07-17T06:00:00","guid":{"rendered":"https:\/\/dralvarez.com.mx\/larevista\/blog\/educacion-herramienta-para-lograr-transformar-campeche-medina-farfan-27670"},"modified":"2018-07-17T00:00:00","modified_gmt":"2018-07-17T06:00:00","slug":"educacion-herramienta-para-lograr-transformar-campeche-medina-farfan-27670","status":"publish","type":"post","link":"https:\/\/dralvarez.com.mx\/larevista\/compeche\/educacion-herramienta-para-lograr-transformar-campeche-medina-farfan-27670","title":{"rendered":"Educaci\u00f3n, herramienta para lograr transformar Campeche: medina farf\u00e1n"},"content":{"rendered":"<p>\u201cUstedes pueden lograr todas las metas que se propongan, tienen en sus manos la capacidad para consolidar su formaci\u00f3n, su preparaci\u00f3n, por ello no deben de dejar de luchar, de prepararse, de estudiar para ser mejores, ustedes son ni\u00f1as y ni\u00f1os muy talentosos, y por ello estoy seguro que su dedicaci\u00f3n y educaci\u00f3n ser\u00e1n factor determinante para formar un mejor Campeche\u201d, este fue el mensaje que emiti\u00f3 el titular de la Secretar\u00eda de Educaci\u00f3n (SEDUC), Ricardo Medina Farf\u00e1n, al encabezar la ceremonia de graduaci\u00f3n de la generaci\u00f3n 2012-2018 de los alumnos egresados de la Escuela Primaria \u201cCarlos R. Men\u00e9ndez\u201d, de Hecelchak\u00e1n.<\/p>\n<p>El funcionario estatal, quien tambi\u00e9n apadrin\u00f3 a los egresados de esta generaci\u00f3n, en la explanada deportiva de este colegio emiti\u00f3 un mensaje de aliento a los estudiantes, a quienes convoc\u00f3 a no dejar su formaci\u00f3n acad\u00e9mica, a seguir adelante, y que esta etapa sea solo un pelda\u00f1o m\u00e1s para lograr todas sus metas de vida.<\/p>\n<p>\u201cEn este d\u00eda no solamente est\u00e1n dando un paso importante en su vida educativa, tambi\u00e9n es un tema trascendental en su formaci\u00f3n personal, es un paso con muchas implicaciones para que logren sus prop\u00f3sitos en un futuro pr\u00f3ximo, porque de ustedes depende no solo tener una mejor calidad de vida, una mejor formaci\u00f3n,  sino tambi\u00e9n un mejor Estado para las pr\u00f3ximas generaciones, hombres y mujeres mejor preparados\u201d, reiter\u00f3 Medina Farf\u00e1n, previo a la entrega de cartas que acreditan la certificaci\u00f3n de este grado escolar y que les dar\u00e1 paso a su educaci\u00f3n secundaria.<\/p>\n<p>Asimismo, agradeci\u00f3 el apoyo de los docentes, madres y padres de familia, brindado a las ni\u00f1as y ni\u00f1os, ya que ellos tambi\u00e9n forman parte fundamental de este logro materializado, por lo que se comprometi\u00f3 a seguir trabajando para fortalecer la educaci\u00f3n en la entidad con acciones, proyectos y pol\u00edticas p\u00fablicas adecuadas que permitan mantener a la entidad como un ejemplo a nivel nacional.<\/p>\n<p>Con este acto se dio por concluido el ciclo escolar 2017- 2018 en este colegio, as\u00ed como en los m\u00e1s de mil 500 centros escolares de Campeche, por lo que m\u00e1s de 250 mil ni\u00f1as, ni\u00f1os y j\u00f3venes de educaci\u00f3n b\u00e1sica, media superior y superior, disfrutar\u00e1n un receso escolar e iniciar posteriormente, el nuevo ciclo lectivo 2017-2018.<\/p>\n<p>En un balance general, Medina Farf\u00e1n refiri\u00f3 que este a\u00f1o escolar fue de grandes acciones para todo el sector, y el pr\u00f3ximo, se reforzar\u00e1n los trabajos para la correcta implementaci\u00f3n del nuevo modelo educativo y lograr beneficiar a un mayor n\u00famero de estudiantes y docentes, tal como ha sido el compromiso del Gobernador Alejandro Moreno C\u00e1rdenas.<\/p>\n<p>De acuerdo a datos oficiales de la SEDUC, del total de alumnos que se ausentar\u00e1n de los colegios: 187 mil 258 son alumnos de los tres niveles de educaci\u00f3n b\u00e1sica; 38 mil 058 de bachillerato; y 32 mil 213 de educaci\u00f3n superior.<\/p>\n","protected":false},"excerpt":{"rendered":"<p>El funcionario estatal, quien tambi\u00e9n apadrin\u00f3 a los egresados de esta generaci\u00f3n, en la explanada deportiva de este colegio emiti\u00f3 un mensaje de alie<\/p>\n","protected":false},"author":1018,"featured_media":0,"comment_status":"open","ping_status":"open","sticky":false,"template":"","format":"standard","meta":{"tdm_status":"","tdm_grid_status":"","footnotes":""},"categories":[27],"tags":[],"_links":{"self":[{"href":"https:\/\/dralvarez.com.mx\/larevista\/wp-json\/wp\/v2\/posts\/67683"}],"collection":[{"href":"https:\/\/dralvarez.com.mx\/larevista\/wp-json\/wp\/v2\/posts"}],"about":[{"href":"https:\/\/dralvarez.com.mx\/larevista\/wp-json\/wp\/v2\/types\/post"}],"author":[{"embeddable":true,"href":"https:\/\/dralvarez.com.mx\/larevista\/wp-json\/wp\/v2\/users\/1018"}],"replies":[{"embeddable":true,"href":"https:\/\/dralvarez.com.mx\/larevista\/wp-json\/wp\/v2\/comments?post=67683"}],"version-history":[{"count":0,"href":"https:\/\/dralvarez.com.mx\/larevista\/wp-json\/wp\/v2\/posts\/67683\/revisions"}],"wp:attachment":[{"href":"https:\/\/dralvarez.com.mx\/larevista\/wp-json\/wp\/v2\/media?parent=67683"}],"wp:term":[{"taxonomy":"category","embeddable":true,"href":"https:\/\/dralvarez.com.mx\/larevista\/wp-json\/wp\/v2\/categories?post=67683"},{"taxonomy":"post_tag","embeddable":true,"href":"https:\/\/dralvarez.com.mx\/larevista\/wp-json\/wp\/v2\/tags?post=67683"}],"curies":[{"name":"wp","href":"https:\/\/api.w.org\/{rel}","templated":true}]}}