{"id":67682,"date":"2018-07-17T00:00:00","date_gmt":"2018-07-17T06:00:00","guid":{"rendered":"https:\/\/dralvarez.com.mx\/larevista\/blog\/dif-estatal-y-secont-imparten-la-conferencia-codigo-de-conducta-27669"},"modified":"2018-07-17T00:00:00","modified_gmt":"2018-07-17T06:00:00","slug":"dif-estatal-y-secont-imparten-la-conferencia-codigo-de-conducta-27669","status":"publish","type":"post","link":"https:\/\/dralvarez.com.mx\/larevista\/compeche\/dif-estatal-y-secont-imparten-la-conferencia-codigo-de-conducta-27669","title":{"rendered":"DIF estatal y SECONT imparten la conferencia \u201ccodigo de conducta\u201d"},"content":{"rendered":"<\/p>\n<p>En representaci\u00f3n de la Presidenta del Patronato<br \/>\ndel Sistema Estatal para el Desarrollo Integral de la Familia (DIF), Christelle<br \/>\nCasta\u00f1\u00f3n de Moreno, la Directora General del DIF, Silvia Elena Parrao, dio la<br \/>\nbienvenida a los participantes a la conferencia \u201cC\u00f3digo de Conducta\u201d, que<br \/>\nimparti\u00f3 la Direcci\u00f3n Jur\u00eddica del DIF, en coordinaci\u00f3n con la Secretar\u00eda de<br \/>\nContralor\u00eda (SECONT), en el sal\u00f3n \u201cLilia Reyes de L\u00f3pez Hern\u00e1ndez\u201d de la<br \/>\nMansi\u00f3n Carvajal, con el objetivo que los trabajadores de las distintas \u00e1reas<br \/>\nmejoren sus servicios en favor de las personas que atienden.<\/p>\n<p>Por su parte, la encargada de la Unidad<br \/>\nEspecializada en \u00c9tica y Prevenci\u00f3n de Conflictos de Inter\u00e9s de la SECONT, Ligia<br \/>\nVillarruel Castillo, Indic\u00f3 que son importantes los valores \u00e9ticos que deben<br \/>\ndesarrollar los servidores p\u00fablicos, y mencion\u00f3 varios ejemplos negativos de<br \/>\nsituaciones a evitar.<\/p>\n<p><\/p>\n","protected":false},"excerpt":{"rendered":"<p>La conferencia \u201cC\u00f3digo de Conducta\u201d, que imparti\u00f3 la Direcci\u00f3n Jur\u00eddica del DIF&#8230;<\/p>\n","protected":false},"author":1018,"featured_media":0,"comment_status":"open","ping_status":"open","sticky":false,"template":"","format":"standard","meta":{"tdm_status":"","tdm_grid_status":"","footnotes":""},"categories":[27],"tags":[],"_links":{"self":[{"href":"https:\/\/dralvarez.com.mx\/larevista\/wp-json\/wp\/v2\/posts\/67682"}],"collection":[{"href":"https:\/\/dralvarez.com.mx\/larevista\/wp-json\/wp\/v2\/posts"}],"about":[{"href":"https:\/\/dralvarez.com.mx\/larevista\/wp-json\/wp\/v2\/types\/post"}],"author":[{"embeddable":true,"href":"https:\/\/dralvarez.com.mx\/larevista\/wp-json\/wp\/v2\/users\/1018"}],"replies":[{"embeddable":true,"href":"https:\/\/dralvarez.com.mx\/larevista\/wp-json\/wp\/v2\/comments?post=67682"}],"version-history":[{"count":0,"href":"https:\/\/dralvarez.com.mx\/larevista\/wp-json\/wp\/v2\/posts\/67682\/revisions"}],"wp:attachment":[{"href":"https:\/\/dralvarez.com.mx\/larevista\/wp-json\/wp\/v2\/media?parent=67682"}],"wp:term":[{"taxonomy":"category","embeddable":true,"href":"https:\/\/dralvarez.com.mx\/larevista\/wp-json\/wp\/v2\/categories?post=67682"},{"taxonomy":"post_tag","embeddable":true,"href":"https:\/\/dralvarez.com.mx\/larevista\/wp-json\/wp\/v2\/tags?post=67682"}],"curies":[{"name":"wp","href":"https:\/\/api.w.org\/{rel}","templated":true}]}}