{"id":67665,"date":"2018-07-17T00:00:00","date_gmt":"2018-07-17T06:00:00","guid":{"rendered":"https:\/\/dralvarez.com.mx\/larevista\/blog\/fortalecer-las-normales-es-un-compromiso-que-se-ejecuta-a-diario-koh-cambranis-27651"},"modified":"2018-07-17T00:00:00","modified_gmt":"2018-07-17T06:00:00","slug":"fortalecer-las-normales-es-un-compromiso-que-se-ejecuta-a-diario-koh-cambranis-27651","status":"publish","type":"post","link":"https:\/\/dralvarez.com.mx\/larevista\/compeche\/fortalecer-las-normales-es-un-compromiso-que-se-ejecuta-a-diario-koh-cambranis-27651","title":{"rendered":"Fortalecer las normales es un compromiso que se ejecuta a diario: koh cambranis"},"content":{"rendered":"<\/p>\n<p>\u201cFortalecer las normales es un compromiso que desde la Secretar\u00eda de Educaci\u00f3n (SEDUC) tenemos muy claro y en el que estamos trabajando todos los d\u00edas, y no son s\u00f3lo palabras o promesas, estamos ejecutando acciones palpables, visibles, para beneficio directo de las ni\u00f1as, ni\u00f1os y j\u00f3venes del pa\u00eds\u201d, destac\u00f3 el subsecretario de Educaci\u00f3n B\u00e1sica, Ricardo Koh Cambranis, al encabezar la ceremonia de graduaci\u00f3n de la generaci\u00f3n 2014-2018 de la Escuela Normal Rural \u201cJusto Sierra M\u00e9ndez\u201d, en representaci\u00f3n del titular de la dependencia estatal, Ricardo Medina Farf\u00e1n, quien apadrin\u00f3 a los egresados.<\/p>\n<p>En este acto desarrollado en el auditorio del H. Ayuntamiento de Hecelchak\u00e1n, Koh Cambranis felicit\u00f3 a los 41 j\u00f3venes que lograron concretar su educaci\u00f3n en las carreras de Educaci\u00f3n Primaria, y Educaci\u00f3n Primaria Intercultural Biling\u00fce; y, ante padres y madres de familia, docentes y comunidad escolar, los convoc\u00f3 a continuar prepar\u00e1ndose, a no cesar de actualizarse constantemente, ya que ser\u00e1 con una preparaci\u00f3n constante y profesionalizaci\u00f3n, que podr\u00e1n aportar de manera directa a mejorar la calidad educativa y el futuro del Estado.<\/p>\n<p>Koh Cambranis precis\u00f3 que la gran responsabilidad de los futuros formadores es la de dejar a una nueva generaci\u00f3n de campechanos, ni\u00f1as y ni\u00f1os mejor preparados, con mejores expectativas de desarrollo y crecimiento, pero sobre todo abonar a que \u201cCampeche crezca, y se crezca en grande\u201d.<\/p>\n<p>\u201cY por ello tenemos claro que el fortalecimiento de las Escuelas Normales es fundamental, ya que son en ellas donde se forman los futuros docentes, docentes que con su compromiso al sector educativo han colocado a Campeche en los primeros lugares a nivel nacional y como ejemplo de lucha con las acciones que se vienen realizando en pro de la mejora de la educaci\u00f3n, por lo que estoy seguro que con las bases con las que cuentan, cumplir\u00e1n con su misi\u00f3n\u201d, acot\u00f3.<\/p>\n<p>En este sentido, destac\u00f3 las acciones que la SEDUC ha implementado para coadyuvar en la profesionalizaci\u00f3n del magisterio campechano, y puntualiz\u00f3 que trav\u00e9s de la Formaci\u00f3n y Actualizaci\u00f3n Docente se ha capacitado a m\u00e1s del por ciento de las maestras y maestros; incluso un 24 por ciento m\u00e1s ha permitido atender padres de familia y autoridades educativas, quienes tambi\u00e9n fueron parte del ciclo de acciones en el marco de implementaci\u00f3n del nuevo modelo educativo y aprendizajes claves.<\/p>\n<p>El funcionario estatal felicit\u00f3 de igual manera a las madres, padres de familia y familiares de los graduados, de quienes dijo fueron un apoyo fundamental para que los alumnos culminaran esta etapa de su vida.<\/p>\n<p>Posterior al acto de entrega de constancias de terminaci\u00f3n de estudios, se llev\u00f3 a cabo la develaci\u00f3n de la placa conmemorativa a esta generaci\u00f3n, en la calzada de las generaciones ubicada en las instalaciones de la Escuela Normal Rural.<\/p><\/p>\n","protected":false},"excerpt":{"rendered":"<p>Koh Cambranis precis\u00f3 que la gran responsabilidad de los futuros formadores es la de dejar a una nueva generaci\u00f3n de campechanos&#8230;<\/p>\n","protected":false},"author":1018,"featured_media":0,"comment_status":"open","ping_status":"open","sticky":false,"template":"","format":"standard","meta":{"tdm_status":"","tdm_grid_status":"","footnotes":""},"categories":[27],"tags":[],"_links":{"self":[{"href":"https:\/\/dralvarez.com.mx\/larevista\/wp-json\/wp\/v2\/posts\/67665"}],"collection":[{"href":"https:\/\/dralvarez.com.mx\/larevista\/wp-json\/wp\/v2\/posts"}],"about":[{"href":"https:\/\/dralvarez.com.mx\/larevista\/wp-json\/wp\/v2\/types\/post"}],"author":[{"embeddable":true,"href":"https:\/\/dralvarez.com.mx\/larevista\/wp-json\/wp\/v2\/users\/1018"}],"replies":[{"embeddable":true,"href":"https:\/\/dralvarez.com.mx\/larevista\/wp-json\/wp\/v2\/comments?post=67665"}],"version-history":[{"count":0,"href":"https:\/\/dralvarez.com.mx\/larevista\/wp-json\/wp\/v2\/posts\/67665\/revisions"}],"wp:attachment":[{"href":"https:\/\/dralvarez.com.mx\/larevista\/wp-json\/wp\/v2\/media?parent=67665"}],"wp:term":[{"taxonomy":"category","embeddable":true,"href":"https:\/\/dralvarez.com.mx\/larevista\/wp-json\/wp\/v2\/categories?post=67665"},{"taxonomy":"post_tag","embeddable":true,"href":"https:\/\/dralvarez.com.mx\/larevista\/wp-json\/wp\/v2\/tags?post=67665"}],"curies":[{"name":"wp","href":"https:\/\/api.w.org\/{rel}","templated":true}]}}