{"id":67664,"date":"2018-07-17T00:00:00","date_gmt":"2018-07-17T06:00:00","guid":{"rendered":"https:\/\/dralvarez.com.mx\/larevista\/blog\/concluye-curso-de-verano-para-adultos-mayores-unas-vacaciones-diferentes-27650"},"modified":"2018-07-17T00:00:00","modified_gmt":"2018-07-17T06:00:00","slug":"concluye-curso-de-verano-para-adultos-mayores-unas-vacaciones-diferentes-27650","status":"publish","type":"post","link":"https:\/\/dralvarez.com.mx\/larevista\/compeche\/concluye-curso-de-verano-para-adultos-mayores-unas-vacaciones-diferentes-27650","title":{"rendered":"Concluye curso de verano para adultos mayores \u201cunas vacaciones DIFerentes\u201d"},"content":{"rendered":"<\/p>\n<p>Convivencia y aprendizaje fueron dos conceptos<br \/>\nque definieron el curso de verano para adultos mayores \u201cUna Vacaciones<br \/>\nDIFerentes\u201d, que este a\u00f1o realiz\u00f3 el Sistema Estatal para el Desarrollo<br \/>\nIntegral de la Familia (DIF), en colaboraci\u00f3n con el Instituto Nacional de<br \/>\nAntropolog\u00eda e Historia del Estado de Campeche (INAH), bajo el nombre \u201cMurmullo<br \/>\nde las Olas\u201d.<\/p>\n<p>Al clausurar el curso, la Presidenta del<br \/>\nPatronato del DIF Estatal, Christelle Casta\u00f1\u00f3n de Moreno, entreg\u00f3<br \/>\nreconocimientos a los colaboradores y transmiti\u00f3 el saludo afectuoso del Gobernador<br \/>\nAlejandro Moreno C\u00e1rdenas, que siempre apoya mediante programas sociales a los<br \/>\nadultos mayores; asimismo, felicit\u00f3 a los<br \/>\nni\u00f1os y los j\u00f3venes que estuvieron ayudando en las actividades a los<br \/>\nabuelitos, por tender una mano amiga para quienes m\u00e1s lo necesitan.<\/p>\n<p>El curso tuvo una participaci\u00f3n de 43 adultos<br \/>\nmayores, que  montaron una exposici\u00f3n de los<br \/>\ntalleres, en la que sobresal\u00edan trabajos manuales, y dieron una demostraci\u00f3n<br \/>\ndel taller de baile y canto.<\/p>\n<p>Cabe mencionar que el INAH difundi\u00f3 el legado<br \/>\nhist\u00f3rico sumergido en las aguas de Campeche, como resultado de la importante<br \/>\nlabor efectuada durante 40 a\u00f1os por especialistas en arqueolog\u00eda subacu\u00e1tica en<br \/>\nla Pen\u00ednsula de Yucat\u00e1n, y que hoy se exhibe en las salas del Museo de<br \/>\nArqueolog\u00eda Subacu\u00e1tica en el Fuerte de San Jos\u00e9 el Alto, donde los abuelitos tuvieron<br \/>\nun d\u00eda de paseo.<\/p>\n<p>Al evento asistieron el Director del Centro<br \/>\nINAH-Campeche, Antonio Benavides Castillo; la Directora del DIF, Silvia Elena<br \/>\nParrao Arceo; la Presidenta del Patronato \u201cGrande de Coraz\u00f3n\u201d, Victoria Damas<br \/>\nde Aysa; y la Directora de Atenci\u00f3n Integral al Adulto Mayor (DAIAM),<br \/>\nLiliana  Rendis Buenfil.<\/p><\/p>\n","protected":false},"excerpt":{"rendered":"<p>Convivencia y aprendizaje fueron dos conceptos que definieron el curso de verano para adultos mayores \u201cUna Vacaciones DIFerentes\u201d&#8230;<\/p>\n","protected":false},"author":1018,"featured_media":0,"comment_status":"open","ping_status":"open","sticky":false,"template":"","format":"standard","meta":{"tdm_status":"","tdm_grid_status":"","footnotes":""},"categories":[27],"tags":[],"_links":{"self":[{"href":"https:\/\/dralvarez.com.mx\/larevista\/wp-json\/wp\/v2\/posts\/67664"}],"collection":[{"href":"https:\/\/dralvarez.com.mx\/larevista\/wp-json\/wp\/v2\/posts"}],"about":[{"href":"https:\/\/dralvarez.com.mx\/larevista\/wp-json\/wp\/v2\/types\/post"}],"author":[{"embeddable":true,"href":"https:\/\/dralvarez.com.mx\/larevista\/wp-json\/wp\/v2\/users\/1018"}],"replies":[{"embeddable":true,"href":"https:\/\/dralvarez.com.mx\/larevista\/wp-json\/wp\/v2\/comments?post=67664"}],"version-history":[{"count":0,"href":"https:\/\/dralvarez.com.mx\/larevista\/wp-json\/wp\/v2\/posts\/67664\/revisions"}],"wp:attachment":[{"href":"https:\/\/dralvarez.com.mx\/larevista\/wp-json\/wp\/v2\/media?parent=67664"}],"wp:term":[{"taxonomy":"category","embeddable":true,"href":"https:\/\/dralvarez.com.mx\/larevista\/wp-json\/wp\/v2\/categories?post=67664"},{"taxonomy":"post_tag","embeddable":true,"href":"https:\/\/dralvarez.com.mx\/larevista\/wp-json\/wp\/v2\/tags?post=67664"}],"curies":[{"name":"wp","href":"https:\/\/api.w.org\/{rel}","templated":true}]}}