{"id":67661,"date":"2018-07-17T00:00:00","date_gmt":"2018-07-17T06:00:00","guid":{"rendered":"https:\/\/dralvarez.com.mx\/larevista\/blog\/se-integra-propuesta-de-ubicacion-para-refineria-y-oficinas-de-pemex-en-ciudad-del-carmen-27647"},"modified":"2018-07-17T00:00:00","modified_gmt":"2018-07-17T06:00:00","slug":"se-integra-propuesta-de-ubicacion-para-refineria-y-oficinas-de-pemex-en-ciudad-del-carmen-27647","status":"publish","type":"post","link":"https:\/\/dralvarez.com.mx\/larevista\/compeche\/se-integra-propuesta-de-ubicacion-para-refineria-y-oficinas-de-pemex-en-ciudad-del-carmen-27647","title":{"rendered":"Se integra propuesta de ubicaci\u00f3n para refiner\u00eda y oficinas de PEMEX en ciudad del Carmen"},"content":{"rendered":"<\/p>\n<p>Campeche y Ciudad del Carmen est\u00e1n listos y cuentan con la experiencia, infraestructura y mano de obra calificada para convertirse en sede de una refiner\u00eda y las oficinas centrales de Petr\u00f3leos Mexicanos (PEMEX), manifest\u00f3 el titular de la Secretar\u00eda de Desarrollo Econ\u00f3mico (SEDECO), Jos\u00e9 Domingo Berzunza Esp\u00ednola, luego de reunirse con la representaci\u00f3n de la Secretar\u00eda de Econom\u00eda (SE), y representantes del Consejo Coordinador Empresarial (CCE) y COPARMEX en Carmen para conformar estrategias y propuestas para la ubicaci\u00f3n de la refiner\u00eda y las oficinas de PEMEX en la isla.<\/p>\n<p>Destac\u00f3 que por instrucci\u00f3n del Gobernador Alejandro Moreno C\u00e1rdenas se trabaja para presentar a la brevedad al equipo de transici\u00f3n del gobierno federal, que encabeza Andr\u00e9s Manuel L\u00f3pez Obrador, un documento que les permita conocer las capacidades con que cuenta Ciudad del Carmen. \u201cContamos con infraestructura, edificios para oficinas, la experiencia de las empresas que por muchos a\u00f1os han prestado sus servicios a la industria petrolera, adem\u00e1s de la cadena de valor que han conformado las MIPYMES carmelitas\u201c, indic\u00f3.<\/p>\n<p><\/p>\n","protected":false},"excerpt":{"rendered":"<p>Campeche y Ciudad del Carmen est\u00e1n listos y cuentan con la experiencia, infraestructura y mano de obra calificada para convertirse en sede de una refi<\/p>\n","protected":false},"author":1018,"featured_media":0,"comment_status":"open","ping_status":"open","sticky":false,"template":"","format":"standard","meta":{"tdm_status":"","tdm_grid_status":"","footnotes":""},"categories":[27],"tags":[],"_links":{"self":[{"href":"https:\/\/dralvarez.com.mx\/larevista\/wp-json\/wp\/v2\/posts\/67661"}],"collection":[{"href":"https:\/\/dralvarez.com.mx\/larevista\/wp-json\/wp\/v2\/posts"}],"about":[{"href":"https:\/\/dralvarez.com.mx\/larevista\/wp-json\/wp\/v2\/types\/post"}],"author":[{"embeddable":true,"href":"https:\/\/dralvarez.com.mx\/larevista\/wp-json\/wp\/v2\/users\/1018"}],"replies":[{"embeddable":true,"href":"https:\/\/dralvarez.com.mx\/larevista\/wp-json\/wp\/v2\/comments?post=67661"}],"version-history":[{"count":0,"href":"https:\/\/dralvarez.com.mx\/larevista\/wp-json\/wp\/v2\/posts\/67661\/revisions"}],"wp:attachment":[{"href":"https:\/\/dralvarez.com.mx\/larevista\/wp-json\/wp\/v2\/media?parent=67661"}],"wp:term":[{"taxonomy":"category","embeddable":true,"href":"https:\/\/dralvarez.com.mx\/larevista\/wp-json\/wp\/v2\/categories?post=67661"},{"taxonomy":"post_tag","embeddable":true,"href":"https:\/\/dralvarez.com.mx\/larevista\/wp-json\/wp\/v2\/tags?post=67661"}],"curies":[{"name":"wp","href":"https:\/\/api.w.org\/{rel}","templated":true}]}}