{"id":67587,"date":"2018-07-13T00:00:00","date_gmt":"2018-07-13T06:00:00","guid":{"rendered":"https:\/\/dralvarez.com.mx\/larevista\/blog\/dif-campeche-recibe-el-distintivo-gilberto-rincon-gallardo-27572"},"modified":"2018-07-13T00:00:00","modified_gmt":"2018-07-13T06:00:00","slug":"dif-campeche-recibe-el-distintivo-gilberto-rincon-gallardo-27572","status":"publish","type":"post","link":"https:\/\/dralvarez.com.mx\/larevista\/compeche\/dif-campeche-recibe-el-distintivo-gilberto-rincon-gallardo-27572","title":{"rendered":"DIF-Campeche recibe el distintivo \u201cGilberto Rinc\u00f3n Gallardo\u201d"},"content":{"rendered":"<\/p>\n<p>La<br \/>\nPresidenta del Patronato del Sistema Estatal para el Desarrollo Integral de la<br \/>\nFamilia (DIF), Christelle Casta\u00f1\u00f3n de Moreno, recibi\u00f3 la distinci\u00f3n \u201cGilberto<br \/>\nRinc\u00f3n Gallardo\u201d como empresa incluyente, que otorga la Delegaci\u00f3n de la<br \/>\nSecretar\u00eda del Trabajo y Previsi\u00f3n Social (STPS), que reconoce a los centros de<br \/>\ntrabajo que cuentan en su plantilla laboral con personas en situaci\u00f3n de<br \/>\nvulnerabilidad y que aplican una pol\u00edtica de buenas pr\u00e1cticas en el marco de la<br \/>\nigualdad de oportunidades, inclusi\u00f3n, desarrollo y no discriminaci\u00f3n.<\/p>\n<p>Casta\u00f1\u00f3n<br \/>\nde Moreno agradeci\u00f3 a todas las instituciones involucradas que apoyan d\u00eda a d\u00eda<br \/>\ncon su cari\u00f1o, compromiso y responsabilidad a las personas con discapacidad, y<br \/>\ndijo que en tres a\u00f1os se han sumados empresas socialmente incluyentes y que en<br \/>\nla actualidad son 40.<\/p>\n<p>\u201cCampeche<br \/>\nes un estado reconocido por el DIF Nacional como promotor de acciones en favor<br \/>\nde las personas con discapacidad, esto nos hace sentir orgullosos, y no<br \/>\nbajaremos la guardia, sobre todo porque contamos con el respaldo total y<br \/>\nabsoluto del Gobernador Alejandro Moreno C\u00e1rdenas, que nos ha apoyado para<br \/>\nemprender estas acciones, sum\u00e1ndose al impulso Ang\u00e9lica Rivera de Pe\u00f1a y su<br \/>\nesposo, el Presidente de la Rep\u00fablica, Enrique Pe\u00f1a Nieto\u201d, dijo.<\/p>\n<p>Casta\u00f1\u00f3n<br \/>\nde Moreno signific\u00f3 que en coordinaci\u00f3n con la STPS se ha implementado el<br \/>\nCentro de Evaluaci\u00f3n de Habilidades para Personas con Discapacidad y Adultos<br \/>\nMayores, conocido como VALPAR; la puesta en marcha del Centro de Capacitaci\u00f3n<br \/>\nLaboral Dirigida OXXO, en coordinaci\u00f3n con el grupo FEMSA Comercio y una playa<br \/>\nincluyente y pr\u00f3ximamente tendremos una m\u00e1s en Campeche, convirtiendo a la<br \/>\nentidad la \u00fanica en su g\u00e9nero de contar con dos playas.<\/p>\n<p>Por<br \/>\nsu parte, el Delegado de la STPS, V\u00edctor M\u00e9ndez Lanz, afirm\u00f3 que el DIF Estatal<br \/>\nest\u00e1 considerada como empresa incluyente por cumplir con los requisitos, entre<br \/>\nellos sensibilizar a los centros de trabajo sobre el potencial, impulsar las<br \/>\ncapacidades y habilidades laborales., fomentar entre los sectores p\u00fablico,<br \/>\nprivado y social la inclusi\u00f3n laboral y el desarrollo de pol\u00edticas espec\u00edficas<br \/>\npara este fin, promover el mejoramiento de las condiciones, expectativas y<br \/>\ntrayectoria laboral y favorecer la autonom\u00eda e independencia, a trav\u00e9s de su<br \/>\ninclusi\u00f3n laboral en condiciones de igualdad; e indic\u00f3 que en Campeche 40<br \/>\nempresas est\u00e1n consideradas como socialmente responsables.<\/p>\n<p>Por<br \/>\nsu parte, el Delegado entreg\u00f3 el reconocimiento \u201cGilberto Rinc\u00f3n Gallardo\u201d a la<br \/>\nPresidenta del Patronato del DIF Estatal y a diversas empresas asentadas en la<br \/>\nentidad, entre ellas Home Depot; Cadena OXXO; Bodega Aurrera; Suburbia; Grupo<br \/>\nWaltmart, S.A de C.V.; AT&amp;T; y Hotel Gamma INN.<\/p>\n<p>En<br \/>\ntanto, el titular de la Secretar\u00eda de Trabajo y Previsi\u00f3n Social de Campeche<br \/>\n(STPSCAM), Jorge Radam\u00e9s Romero Bock, se\u00f1al\u00f3 que la inclusi\u00f3n laboral es<br \/>\nprioritario en ese organismo con el tema de vinculaci\u00f3n laboral, protecci\u00f3n de<br \/>\nlos derechos de las y los trabajadores, vigilancia y promoci\u00f3n de la paz<br \/>\nlaboral, \u201cpor tal motivo se implementa la estrategia \u201cAbriendo Espacios\u201d, a<br \/>\ntrav\u00e9s del Servicio Nacional de Empleo (SNE), que busca que las personas con<br \/>\ndiscapacidad se coloquen en un empleo digno y formal, aportando sus<br \/>\nconocimientos y experiencia en un ambiente laboral\u201d, se\u00f1al\u00f3.<\/p>\n<p>Al<br \/>\nevento asistieron el titular de la Secretar\u00eda de Salud, Rafael Rodr\u00edguez<br \/>\nCabrera; la Directora de Atenci\u00f3n Social y Discapacidad del DIF Estatal, Magaly<br \/>\nMedina Farf\u00e1n, as\u00ed como autoridades del poder judicial, derechos humanos y<br \/>\nempresarios participantes, que escucharon los testimonios de representantes de<br \/>\nempresas y personas con discapacidad que ya son parte de la inclusi\u00f3n laboral.<\/p>\n<p><\/p>\n","protected":false},"excerpt":{"rendered":"<p>Campeche es un estado reconocido por el DIF Nacional como promotor de acciones en favor de las personas con discapacidad&#8230;<\/p>\n","protected":false},"author":1018,"featured_media":0,"comment_status":"open","ping_status":"open","sticky":false,"template":"","format":"standard","meta":{"tdm_status":"","tdm_grid_status":"","footnotes":""},"categories":[27],"tags":[],"_links":{"self":[{"href":"https:\/\/dralvarez.com.mx\/larevista\/wp-json\/wp\/v2\/posts\/67587"}],"collection":[{"href":"https:\/\/dralvarez.com.mx\/larevista\/wp-json\/wp\/v2\/posts"}],"about":[{"href":"https:\/\/dralvarez.com.mx\/larevista\/wp-json\/wp\/v2\/types\/post"}],"author":[{"embeddable":true,"href":"https:\/\/dralvarez.com.mx\/larevista\/wp-json\/wp\/v2\/users\/1018"}],"replies":[{"embeddable":true,"href":"https:\/\/dralvarez.com.mx\/larevista\/wp-json\/wp\/v2\/comments?post=67587"}],"version-history":[{"count":0,"href":"https:\/\/dralvarez.com.mx\/larevista\/wp-json\/wp\/v2\/posts\/67587\/revisions"}],"wp:attachment":[{"href":"https:\/\/dralvarez.com.mx\/larevista\/wp-json\/wp\/v2\/media?parent=67587"}],"wp:term":[{"taxonomy":"category","embeddable":true,"href":"https:\/\/dralvarez.com.mx\/larevista\/wp-json\/wp\/v2\/categories?post=67587"},{"taxonomy":"post_tag","embeddable":true,"href":"https:\/\/dralvarez.com.mx\/larevista\/wp-json\/wp\/v2\/tags?post=67587"}],"curies":[{"name":"wp","href":"https:\/\/api.w.org\/{rel}","templated":true}]}}