{"id":67574,"date":"2018-07-12T00:00:00","date_gmt":"2018-07-12T06:00:00","guid":{"rendered":"https:\/\/dralvarez.com.mx\/larevista\/blog\/clausuran-ciclo-escolar-2017-2018-de-talleres-de-los-cedecas-del-dif-estatal-27555"},"modified":"2018-07-12T00:00:00","modified_gmt":"2018-07-12T06:00:00","slug":"clausuran-ciclo-escolar-2017-2018-de-talleres-de-los-cedecas-del-dif-estatal-27555","status":"publish","type":"post","link":"https:\/\/dralvarez.com.mx\/larevista\/compeche\/clausuran-ciclo-escolar-2017-2018-de-talleres-de-los-cedecas-del-dif-estatal-27555","title":{"rendered":"Clausuran ciclo escolar 2017-2018 de talleres de los CEDECAS del DIF estatal"},"content":{"rendered":"<\/p>\n<p>Con el exhorto a los alumnos para continuar<br \/>\nprepar\u00e1ndose y un agradecimiento a los padres de familia por su inter\u00e9s de<br \/>\nbrindarles mejores oportunidades de capacitaci\u00f3n a sus hijos y alejarlos de los<br \/>\npeligros de la calle, los tres Centros de Desarrollo y Capacitaci\u00f3n (CEDECA),<br \/>\nen sus turnos matutino y vespertino, pertenecientes al Sistema Estatal para el<br \/>\nDesarrollo Integral de la Familia (DIF), la Directora de Desarrollo Familiar y<br \/>\nVoluntariado, Sonia Castilla Trevi\u00f1o, en representaci\u00f3n de la Presidenta del<br \/>\nPatronato del DIF Estatal, Christelle Casta\u00f1\u00f3n de Moreno, asisti\u00f3 a las<br \/>\nclausuras de los talleres en cada uno de estos centros.<\/p>\n<p>De esta forma, con la tem\u00e1tica \u201cM\u00e9xico de<br \/>\nColores\u201d, 45 ni\u00f1as del taller de danza del CEDECA 3 concluyeron su ciclo<br \/>\nescolar 2017-2018, presentando en el teatro del IMSS \u201cLic. Ignacio Garc\u00eda T\u00e9llez\u201d<br \/>\nestampas de algunos estados de la Rep\u00fablica Mexicana, como Guadalajara, Oaxaca<br \/>\ny Michoac\u00e1n; recibiendo sus constancias de manos de la coordinadora general del<br \/>\n\u00e1rea educativa, Elba Pacheco Te; la Supervisora del Programa CEDECA, Mar\u00eda<br \/>\nLorena Hurtado Palmer, y la Directora del CEDECA 3, Heydi Uc Baqueiro.<\/p>\n<p>Mientras que el taller de danza del CEDECA 1<br \/>\ncerr\u00f3 su ciclo escolar 2017-2018 con la<br \/>\npresentaron del espect\u00e1culo \u201cSon de mi Tierra\u201d, interpretado por 45<br \/>\nni\u00f1as. La clausura se realz\u00f3 en el teatro del IMSS \u201cLic. Ignacio Garc\u00eda Tellez\u201d,<br \/>\ndonde las ni\u00f1as deleitaron al p\u00fablico con la presentaci\u00f3n de bailables de los<br \/>\nestados de Chiapas, Tabasco, Yucat\u00e1n, Jalisco<br \/>\ny un popurr\u00ed  folcl\u00f3rico. Estuvieron<br \/>\nacompa\u00f1adas por la Directora del CEDECA 1, Daniela Beatriz G\u00f3ngora Pacheco.<\/p>\n<p>El taller de danza del CEDECA 2, turno<br \/>\nvespertino, concluy\u00f3 su ciclo escolar 2017-2018 con estampas polinesias, en<br \/>\ndonde 60 ni\u00f1as de diferentes edades bailaron ritmos polinesios, hawaiano y<br \/>\ntahitiano. Al evento asisti\u00f3  la<br \/>\nDirectora del CEDECA 2, T.V., Luz Mar\u00eda Montejo Duarte.<\/p>\n<p>Asimismo, despu\u00e9s de dos a\u00f1os de preparaci\u00f3n, 21<br \/>\nalumnas del taller de belleza de los CEDECA 1 y 2, en sus turnos matutino y<br \/>\nvespertino, concluyendo su aprendizaje al presentar diferentes estilos de<br \/>\nmaquillaje y peinados, siendo aprobadas por el sinodal Guillermo Mas Moo,<br \/>\nenviado por el Instituto de Capacitaci\u00f3n para el Trabajo del Estado de Campeche<br \/>\n(ICATCAM), quien supervis\u00f3 el trabajo de las alumnas, de quienes destac\u00f3 su constancia,<br \/>\ndisciplina, limpieza e improvisaci\u00f3n. Cabe se\u00f1alar que tambi\u00e9n egresaron los alumnos<br \/>\ndel taller de cocina y reposter\u00eda del CEDECA 2, turno vespertino.<\/p><\/p>\n","protected":false},"excerpt":{"rendered":"<p>De esta forma, con la tem\u00e1tica \u201cM\u00e9xico de Colores\u201d, 45 ni\u00f1as del taller de danza del CEDECA 3 concluyeron su ciclo escolar 2017-2018&#8230;<\/p>\n","protected":false},"author":1018,"featured_media":0,"comment_status":"open","ping_status":"open","sticky":false,"template":"","format":"standard","meta":{"tdm_status":"","tdm_grid_status":"","footnotes":""},"categories":[27],"tags":[],"_links":{"self":[{"href":"https:\/\/dralvarez.com.mx\/larevista\/wp-json\/wp\/v2\/posts\/67574"}],"collection":[{"href":"https:\/\/dralvarez.com.mx\/larevista\/wp-json\/wp\/v2\/posts"}],"about":[{"href":"https:\/\/dralvarez.com.mx\/larevista\/wp-json\/wp\/v2\/types\/post"}],"author":[{"embeddable":true,"href":"https:\/\/dralvarez.com.mx\/larevista\/wp-json\/wp\/v2\/users\/1018"}],"replies":[{"embeddable":true,"href":"https:\/\/dralvarez.com.mx\/larevista\/wp-json\/wp\/v2\/comments?post=67574"}],"version-history":[{"count":0,"href":"https:\/\/dralvarez.com.mx\/larevista\/wp-json\/wp\/v2\/posts\/67574\/revisions"}],"wp:attachment":[{"href":"https:\/\/dralvarez.com.mx\/larevista\/wp-json\/wp\/v2\/media?parent=67574"}],"wp:term":[{"taxonomy":"category","embeddable":true,"href":"https:\/\/dralvarez.com.mx\/larevista\/wp-json\/wp\/v2\/categories?post=67574"},{"taxonomy":"post_tag","embeddable":true,"href":"https:\/\/dralvarez.com.mx\/larevista\/wp-json\/wp\/v2\/tags?post=67574"}],"curies":[{"name":"wp","href":"https:\/\/api.w.org\/{rel}","templated":true}]}}