{"id":67546,"date":"2018-07-12T00:00:00","date_gmt":"2018-07-12T06:00:00","guid":{"rendered":"https:\/\/dralvarez.com.mx\/larevista\/blog\/coespo-celebra-el-dia-mundial-de-la-poblacion-27527"},"modified":"2018-07-12T00:00:00","modified_gmt":"2018-07-12T06:00:00","slug":"coespo-celebra-el-dia-mundial-de-la-poblacion-27527","status":"publish","type":"post","link":"https:\/\/dralvarez.com.mx\/larevista\/compeche\/coespo-celebra-el-dia-mundial-de-la-poblacion-27527","title":{"rendered":"COESPO celebra el d\u00eda mundial de la poblaci\u00f3n"},"content":{"rendered":"<\/p>\n<p>El Consejo Estatal de Poblaci\u00f3n (Coespo) conmemor\u00f3 el D\u00eda Mundial de la Poblaci\u00f3n 2018, cuyo tema central fue \u201cLa planificaci\u00f3n familiar es un derecho humano\u201d, donde se invit\u00f3 a unir esfuerzos a fin de garantizar el acceso universal a la atenci\u00f3n de la salud sexual, reproductiva y los derechos reproductivos, incluidos la informaci\u00f3n y los servicios de planificaci\u00f3n familiar, tal como fue acordado por la Conferencia Internacional sobre Poblaci\u00f3n y Desarrollo de 1994 y la Agenda 2030 para el Desarrollo Sostenible.<\/p>\n<p>En su intervenci\u00f3n, el Secretario T\u00e9cnico del Coespo, Sergio Leal G\u00f3mez, apunt\u00f3 que \u201cla falta de acceso a m\u00e9todos de planificaci\u00f3n familiar seguros y eficaces, amenaza la capacidad para construir un mejor futuro promisorio para las familias, para las comunidades\u201d.<\/p>\n<p>Se\u00f1al\u00f3 tambi\u00e9n que \u201cen este a\u00f1o el principal tema es la planificaci\u00f3n familiar y a lo que se aspira es que cada hombre y cada mujer sean capaces de tomar decisiones libres, informadas y en igualdad, para mantener a los hijos que eligieron tener, de asegurar su bienestar y de darles una vida digna. Se trata de libertad individual, de derechos humanos y de desarrollo sostenible para todos\u201d.<\/p>\n<p>Por su parte, en representaci\u00f3n del Gobernador Alejandro Moreno C\u00e1rdenas, el Subsecretario de Asuntos Jur\u00eddicos y Derechos Humanos de la Secretar\u00eda General de Gobierno (SEGOB), Alejandro Medina Pi\u00f1a, dio lectura al mensaje oficial emitido por la Organizaci\u00f3n de la Naciones Unidas (ONU), donde destac\u00f3 que los padres tienen el derecho humano b\u00e1sico de decidir, de manera libre y responsable, el n\u00famero y el espaciamiento de sus hijos.<\/p>\n<p>De igual forma, apunt\u00f3 que la planificaci\u00f3n familiar no solo es un asunto de derechos humanos; tambi\u00e9n es fundamental para el empoderamiento de las mujeres, reducci\u00f3n de la pobreza y alcanzar el desarrollo sostenible.<\/p>\n<p>Mientras que el titular de la Secretar\u00eda de Salud, Rafael Rodr\u00edguez Cabrera, ponder\u00f3 los grandes avances alcanzados en la materia, pues las inversiones en planificaci\u00f3n familiar que se hagan hoy ser\u00e1n inversiones en la salud y el bienestar de generaciones futuras, y afirm\u00f3 que hace 25 a\u00f1os en Campeche, menos del 60% de la poblaci\u00f3n utilizaba m\u00e9todos anticonceptivos y hoy alcanza a m\u00e1s del 70%.<\/p>\n<p>Al evento acudieron Miguel \u00c1ngel Chuc L\u00f3pez, Magistrado Presidente del Tribunal Superior de Justicia del Estado (TSJE); Armando Cosgaya Buenfil, en representaci\u00f3n de la Delegaci\u00f3n de la Secretar\u00eda de Gobernaci\u00f3n (SEGOB); Carlos Cervera Rodr\u00edguez, Delegado del Instituto de Seguridad y Sociales de los Trabajadores del Estado (ISSSTE); Beatriz Lepe Pasos, encargada del despacho del Instituto de la Mujer de Campeche (IMEC); Mar\u00eda Ang\u00e9lica Guerrero Sas\u00eda, coordinadora del Programa de Educaci\u00f3n Inicial y B\u00e1sica (PEIB) de la Secretar\u00eda de Educaci\u00f3n (SEDUC); Ingrid Ommundsen P\u00e9rez, Directora General del Registro del Estado Civil; Eduardo Berr\u00f3n Ferrer, Delegado del Instituto Nacional de Migraci\u00f3n (INM); entre otros.<\/p><\/p>\n","protected":false},"excerpt":{"rendered":"<p>(Coespo) conmemor\u00f3 el D\u00eda Mundial de la Poblaci\u00f3n 2018, cuyo tema central fue \u201cLa planificaci\u00f3n familiar es un derecho humano\u201d&#8230;<\/p>\n","protected":false},"author":1018,"featured_media":0,"comment_status":"open","ping_status":"open","sticky":false,"template":"","format":"standard","meta":{"tdm_status":"","tdm_grid_status":"","footnotes":""},"categories":[27],"tags":[],"_links":{"self":[{"href":"https:\/\/dralvarez.com.mx\/larevista\/wp-json\/wp\/v2\/posts\/67546"}],"collection":[{"href":"https:\/\/dralvarez.com.mx\/larevista\/wp-json\/wp\/v2\/posts"}],"about":[{"href":"https:\/\/dralvarez.com.mx\/larevista\/wp-json\/wp\/v2\/types\/post"}],"author":[{"embeddable":true,"href":"https:\/\/dralvarez.com.mx\/larevista\/wp-json\/wp\/v2\/users\/1018"}],"replies":[{"embeddable":true,"href":"https:\/\/dralvarez.com.mx\/larevista\/wp-json\/wp\/v2\/comments?post=67546"}],"version-history":[{"count":0,"href":"https:\/\/dralvarez.com.mx\/larevista\/wp-json\/wp\/v2\/posts\/67546\/revisions"}],"wp:attachment":[{"href":"https:\/\/dralvarez.com.mx\/larevista\/wp-json\/wp\/v2\/media?parent=67546"}],"wp:term":[{"taxonomy":"category","embeddable":true,"href":"https:\/\/dralvarez.com.mx\/larevista\/wp-json\/wp\/v2\/categories?post=67546"},{"taxonomy":"post_tag","embeddable":true,"href":"https:\/\/dralvarez.com.mx\/larevista\/wp-json\/wp\/v2\/tags?post=67546"}],"curies":[{"name":"wp","href":"https:\/\/api.w.org\/{rel}","templated":true}]}}