{"id":67542,"date":"2018-07-12T00:00:00","date_gmt":"2018-07-12T06:00:00","guid":{"rendered":"https:\/\/dralvarez.com.mx\/larevista\/blog\/convive-alista-estrategias-para-mantener-ambientes-escolares-sanos-en-proximo-ciclo-escolar-27523"},"modified":"2018-07-12T00:00:00","modified_gmt":"2018-07-12T06:00:00","slug":"convive-alista-estrategias-para-mantener-ambientes-escolares-sanos-en-proximo-ciclo-escolar-27523","status":"publish","type":"post","link":"https:\/\/dralvarez.com.mx\/larevista\/compeche\/convive-alista-estrategias-para-mantener-ambientes-escolares-sanos-en-proximo-ciclo-escolar-27523","title":{"rendered":"\u201cConvive\u201d alista estrategias para mantener ambientes escolares sanos en pr\u00f3ximo ciclo escolar"},"content":{"rendered":"<\/p>\n<p>\u201cEl trabajo coordinado para consolidar ambientes escolares sanos es trascendental, y ha sido puntual inter\u00e9s del titular de la Secretar\u00eda de Educaci\u00f3n (SEDUC), Ricardo Medina Farf\u00e1n, que se cuente con estrategias que fomenten que los ni\u00f1os, ni\u00f1as y j\u00f3venes de Campeche acudan a escuelas de calidad, con programas educativos escolares de vanguardia, y sobre todo sin riesgos\u201d, afirm\u00f3 la coordinadora del centro CONVIVE, Mercedes S\u00e1nchez Rocha.<\/p>\n<p>Al encabezar la entrega de reconocimientos a los representantes de las instituciones que integran la \u201cRed de Instituciones de Apoyo a la Prevenci\u00f3n de la Violencia Escolar\u201d, por su trabajo durante el ciclo escolar 2017-2018, la funcionaria de la SEDUC destac\u00f3 su importante interrelaci\u00f3n, ya que, dijo, es parte fundamental para la prevenci\u00f3n y detecci\u00f3n de los riesgos psicosociales en las escuelas.<\/p>\n<p>\u201cEl trabajo de la red es muy importante, porque coadyuva a mantener acciones y estrategias que consoliden no s\u00f3lo escuelas seguras, \u00f3ptimas, sino que a su vez brinden la confianza para la atenci\u00f3n de aspectos psicosociales en los estudiantes, y que en ocasiones repercuten de manera directa en los centros escolares, en su rendimiento, y por eso estamos trabajando de manera colaborativa para enfatizar acciones a favor de nuestros alumnos\u201d, explic\u00f3.<\/p>\n<p>A\u00f1adi\u00f3 que es gracias a esta estrecha relaci\u00f3n entre los integrantes de la Red de Prevenci\u00f3n, conformada por diversas instituciones de Gobierno, Asociaciones Civiles y Organizaciones No Gubernamentales, que se acercan programas y ejecutan medidas preventivas en los colegios, otorgando informaci\u00f3n adicional a la que reciben a diario los alumnos en las aulas.<\/p>\n<p>Ejemplo visible de este apoyo dijo es la Secretar\u00eda de Salud; la Comisi\u00f3n Estatal de Derechos Humanos; el DIF Estatal; la Procuradur\u00eda de Protecci\u00f3n de Ni\u00f1os, Ni\u00f1as y Adolescentes; la Polic\u00eda Federal; la Secretar\u00eda de Seguridad P\u00fablica; quienes junto con otras m\u00e1s realizan la presentaci\u00f3n de ponencias, o actividades l\u00fadicas y did\u00e1cticas en las que se imparten temas de inter\u00e9s entre los alumnos.<\/p>\n<p>Por ello, en el marco de esta jornada, la coordinadora de CONVIVE, junto con Katia Vanessa Barrera Blanquet, secretaria ejecutiva del Sistema Estatal de Protecci\u00f3n Integral de los Derechos de Ni\u00f1as, Ni\u00f1os y Adolescentes (SIPINNA), convocaron a no bajar la guardia en el ciclo por iniciar, y sostener los acuerdos que permitan el fortalecimiento de planes, estrategias o medidas para seguir atendiendo a los alumnos campechanos.<\/p>\n<p>Cabe destacar que esta importante actividad se desarroll\u00f3 en el auditorio de la Universidad Pedag\u00f3gica Nacional (UPN) 041 \u201cMar\u00eda Lavalle Urbina\u201d.<\/p><\/p>\n","protected":false},"excerpt":{"rendered":"<p>El trabajo coordinado para consolidar ambientes escolares sanos es trascendental, y ha sido puntual inter\u00e9s del titular de la Secretar\u00eda de Educaci\u00f3n.<\/p>\n","protected":false},"author":1018,"featured_media":0,"comment_status":"open","ping_status":"open","sticky":false,"template":"","format":"standard","meta":{"tdm_status":"","tdm_grid_status":"","footnotes":""},"categories":[27],"tags":[],"_links":{"self":[{"href":"https:\/\/dralvarez.com.mx\/larevista\/wp-json\/wp\/v2\/posts\/67542"}],"collection":[{"href":"https:\/\/dralvarez.com.mx\/larevista\/wp-json\/wp\/v2\/posts"}],"about":[{"href":"https:\/\/dralvarez.com.mx\/larevista\/wp-json\/wp\/v2\/types\/post"}],"author":[{"embeddable":true,"href":"https:\/\/dralvarez.com.mx\/larevista\/wp-json\/wp\/v2\/users\/1018"}],"replies":[{"embeddable":true,"href":"https:\/\/dralvarez.com.mx\/larevista\/wp-json\/wp\/v2\/comments?post=67542"}],"version-history":[{"count":0,"href":"https:\/\/dralvarez.com.mx\/larevista\/wp-json\/wp\/v2\/posts\/67542\/revisions"}],"wp:attachment":[{"href":"https:\/\/dralvarez.com.mx\/larevista\/wp-json\/wp\/v2\/media?parent=67542"}],"wp:term":[{"taxonomy":"category","embeddable":true,"href":"https:\/\/dralvarez.com.mx\/larevista\/wp-json\/wp\/v2\/categories?post=67542"},{"taxonomy":"post_tag","embeddable":true,"href":"https:\/\/dralvarez.com.mx\/larevista\/wp-json\/wp\/v2\/tags?post=67542"}],"curies":[{"name":"wp","href":"https:\/\/api.w.org\/{rel}","templated":true}]}}