{"id":67493,"date":"2018-07-10T00:00:00","date_gmt":"2018-07-10T06:00:00","guid":{"rendered":"https:\/\/dralvarez.com.mx\/larevista\/blog\/impulsa-seduc-habilidades-de-alumnos-con-aptitudes-sobresalientes-a-traves-de-proyectos-educativos-27471"},"modified":"2018-07-10T00:00:00","modified_gmt":"2018-07-10T06:00:00","slug":"impulsa-seduc-habilidades-de-alumnos-con-aptitudes-sobresalientes-a-traves-de-proyectos-educativos-27471","status":"publish","type":"post","link":"https:\/\/dralvarez.com.mx\/larevista\/compeche\/impulsa-seduc-habilidades-de-alumnos-con-aptitudes-sobresalientes-a-traves-de-proyectos-educativos-27471","title":{"rendered":"Impulsa SEDUC habilidades de alumnos con aptitudes sobresalientes a trav\u00e9s de proyectos educativos"},"content":{"rendered":"<\/p>\n<p>La<br \/>\nSecretar\u00eda de Educaci\u00f3n de Campeche (SEDUC), a trav\u00e9s del departamento de<br \/>\nEducaci\u00f3n Especial, llev\u00f3 a cabo la presentaci\u00f3n de proyectos dirigidos a la<br \/>\natenci\u00f3n de alumnos con Aptitudes Sobresalientes (AS), mismos que se<br \/>\nimplementar\u00e1n en el ciclo escolar 2018-2019 y que buscar\u00e1n coadyuvar en el<br \/>\ndesarrollo de las capacidades de estas ni\u00f1as, ni\u00f1os y j\u00f3venes del Estado.<\/p>\n<p>Manuela<br \/>\nCandelaria P\u00e9rez Pacheco, jefa del departamento de Educaci\u00f3n Especial,<br \/>\nsignific\u00f3 que, con el prop\u00f3sito de garantizar la atenci\u00f3n de los alumnos con<br \/>\nAS, se lanz\u00f3 una convocatoria para la conformaci\u00f3n de proyectos educativos; de<br \/>\nenriquecimiento escolar y l\u00fadico, siendo 12 con los que se trabajar\u00e1 en el<br \/>\nciclo lectivo 2018- 2019 en cada una de las escuelas que atienden a menores con<br \/>\nestas caracter\u00edsticas.<\/p>\n<p>En<br \/>\neste sentido, P\u00e9rez Pacheco puntualiz\u00f3 el inter\u00e9s del titular de la SEDUC,<br \/>\nRicardo Medina Farf\u00e1n, de brindar a los alumnos con aptitudes sobresalientes,<br \/>\nacciones planeadas estrat\u00e9gicamente, acordes a sus necesidades espec\u00edficas, sus<br \/>\nintereses, tomando en cuenta sus aptitudes, con la finalidad de favorecer su<br \/>\ndesarrollo integral.<\/p>\n<p>\u201cLo<br \/>\nque queremos es impulsar el aprendizaje y las habilidades de los alumnos; y con<br \/>\nestos proyectos se va a trabajar en el nuevo ciclo escolar, fueron elaborados<br \/>\npor docentes que estar\u00e1n pendientes y vigilantes para lograr nuestra meta;<br \/>\ntambi\u00e9n, al t\u00e9rmino del a\u00f1o educativo, se premiar\u00e1 al que haya logrado<br \/>\ndesarrollar y alcanzar las potencialidades de los educandos\u201d, se\u00f1al\u00f3.<\/p>\n<p>Finalmente,<br \/>\nla funcionaria de la SEDUC detall\u00f3 que en Campeche se cuenta con 228 ni\u00f1as y ni\u00f1os<br \/>\ncon aptitudes sobresalientes de los cuales: 115 son del \u00e1rea intelectual; 20<br \/>\ndel \u00e1rea creativa; 39 de art\u00edstica; 16 psicomotriz y 23 socioafectiva; en estos<br \/>\nproyectos participan 150 ni\u00f1os y 88 docentes que son atendidos por 26 servicios<br \/>\nde USAER y dos Centros de Atenci\u00f3n M\u00faltiple (CAM)<\/p><\/p>\n","protected":false},"excerpt":{"rendered":"<p>En el ciclo escolar 2018-2019 y que buscar\u00e1n coadyuvar en el desarrollo de las capacidades de estas ni\u00f1as, ni\u00f1os y j\u00f3venes del Estado.<\/p>\n","protected":false},"author":1018,"featured_media":0,"comment_status":"open","ping_status":"open","sticky":false,"template":"","format":"standard","meta":{"tdm_status":"","tdm_grid_status":"","footnotes":""},"categories":[27],"tags":[],"_links":{"self":[{"href":"https:\/\/dralvarez.com.mx\/larevista\/wp-json\/wp\/v2\/posts\/67493"}],"collection":[{"href":"https:\/\/dralvarez.com.mx\/larevista\/wp-json\/wp\/v2\/posts"}],"about":[{"href":"https:\/\/dralvarez.com.mx\/larevista\/wp-json\/wp\/v2\/types\/post"}],"author":[{"embeddable":true,"href":"https:\/\/dralvarez.com.mx\/larevista\/wp-json\/wp\/v2\/users\/1018"}],"replies":[{"embeddable":true,"href":"https:\/\/dralvarez.com.mx\/larevista\/wp-json\/wp\/v2\/comments?post=67493"}],"version-history":[{"count":0,"href":"https:\/\/dralvarez.com.mx\/larevista\/wp-json\/wp\/v2\/posts\/67493\/revisions"}],"wp:attachment":[{"href":"https:\/\/dralvarez.com.mx\/larevista\/wp-json\/wp\/v2\/media?parent=67493"}],"wp:term":[{"taxonomy":"category","embeddable":true,"href":"https:\/\/dralvarez.com.mx\/larevista\/wp-json\/wp\/v2\/categories?post=67493"},{"taxonomy":"post_tag","embeddable":true,"href":"https:\/\/dralvarez.com.mx\/larevista\/wp-json\/wp\/v2\/tags?post=67493"}],"curies":[{"name":"wp","href":"https:\/\/api.w.org\/{rel}","templated":true}]}}