{"id":67491,"date":"2018-07-10T00:00:00","date_gmt":"2018-07-10T06:00:00","guid":{"rendered":"https:\/\/dralvarez.com.mx\/larevista\/blog\/dif-estatal-recibe-el-distintivo-gilberto-rincon-gallardo-en-el-marco-de-la-jornada-de-inclusion-laboral-2018-27467"},"modified":"2018-07-10T00:00:00","modified_gmt":"2018-07-10T06:00:00","slug":"dif-estatal-recibe-el-distintivo-gilberto-rincon-gallardo-en-el-marco-de-la-jornada-de-inclusion-laboral-2018-27467","status":"publish","type":"post","link":"https:\/\/dralvarez.com.mx\/larevista\/compeche\/dif-estatal-recibe-el-distintivo-gilberto-rincon-gallardo-en-el-marco-de-la-jornada-de-inclusion-laboral-2018-27467","title":{"rendered":"DIF estatal recibe el distintivo \u201cGilberto Rinc\u00f3n Gallardo\u201d, en el marco de la jornada de inclusi\u00f3n laboral 2018"},"content":{"rendered":"<p>La Presidenta del Patronato del Sistema Estatal<br \/>\npara el Desarrollo Integral de la Familia (DIF), Christelle Casta\u00f1\u00f3n de Moreno,<br \/>\nrecibi\u00f3 la distinci\u00f3n \u201cGilberto Rinc\u00f3n Gallardo\u201d como empresa incluyente, que<br \/>\notorga la Delegaci\u00f3n de la Secretar\u00eda del Trabajo y Previsi\u00f3n Social (STPS), que<br \/>\nreconoce a los centros de trabajo que cuentan en su plantilla laboral con personas<br \/>\nen situaci\u00f3n de vulnerabilidad y que aplican una pol\u00edtica de buenas pr\u00e1cticas<br \/>\nen el marco de la igualdad de oportunidades, inclusi\u00f3n, desarrollo y no<br \/>\ndiscriminaci\u00f3n.<\/p>\n<p>Casta\u00f1\u00f3n de Moreno agradeci\u00f3 a todas las<br \/>\ninstituciones involucradas que apoyan d\u00eda a d\u00eda con su cari\u00f1o, compromiso y<br \/>\nresponsabilidad a las personas con discapacidad, y dijo que en tres a\u00f1os se han<br \/>\nsumados empresas socialmente incluyentes y que en la actualidad son 40.<\/p>\n<p>\u201cCampeche es un estado reconocido por el DIF<br \/>\nNacional como promotor de acciones en favor de las personas con discapacidad,<br \/>\nesto nos hace sentir orgullosos, y no bajaremos la guardia, sobre todo porque<br \/>\ncontamos con el respaldo total y absoluto del Gobernador Alejandro Moreno<br \/>\nC\u00e1rdenas, que nos ha apoyado para emprender estas acciones, sum\u00e1ndose al<br \/>\nimpulso Ang\u00e9lica Rivera de Pe\u00f1a y su esposo, el Presidente de la Rep\u00fablica,<br \/>\nEnrique Pe\u00f1a Nieto\u201d, dijo.<\/p>\n<p>Casta\u00f1\u00f3n de Moreno signific\u00f3 que en coordinaci\u00f3n<br \/>\ncon la STPS se ha implementado el Centro de Evaluaci\u00f3n de Habilidades para<br \/>\nPersonas con Discapacidad y Adultos Mayores, conocido como VALPAR; la puesta en<br \/>\nmarcha del Centro de Capacitaci\u00f3n Laboral Dirigida OXXO, en coordinaci\u00f3n con el<br \/>\ngrupo FEMSA Comercio y una playa incluyente y pr\u00f3ximamente tendremos una m\u00e1s en<br \/>\nCampeche, convirtiendo a la entidad la \u00fanica en su g\u00e9nero de contar con dos<br \/>\nplayas.<\/p>\n<p>Por su parte, el Delegado de la STPS, V\u00edctor<br \/>\nM\u00e9ndez Lanz, afirm\u00f3 que el DIF Estatal est\u00e1 considerada como empresa<br \/>\nincluyente  por cumplir con los requisitos,<br \/>\nentre ellos sensibilizar a los centros de trabajo sobre el potencial, impulsar<br \/>\nlas capacidades y habilidades laborales., fomentar entre los sectores p\u00fablico,<br \/>\nprivado y social la inclusi\u00f3n laboral y el desarrollo de pol\u00edticas espec\u00edficas<br \/>\npara este fin, promover el mejoramiento de las condiciones, expectativas y<br \/>\ntrayectoria laboral y favorecer la autonom\u00eda e independencia, a trav\u00e9s de su<br \/>\ninclusi\u00f3n laboral en condiciones de igualdad; e indic\u00f3 que en Campeche 40<br \/>\nempresas est\u00e1n consideradas como socialmente responsables.<\/p>\n<p>Acto seguido, el Delegado entreg\u00f3 el<br \/>\nreconocimiento \u201cGilberto Rinc\u00f3n Gallardo\u201d a la Presidenta del Patronato del DIF<br \/>\nEstatal y a diversas empresas asentadas en la entidad, entre ellas Home Depot;<br \/>\nCadena OXXO; Bodega Aurrera; Suburbia; Grupo Waltmart, S.A de C.V.; AT&amp;T; y<br \/>\nHotel Gamma INN.<\/p>\n<p>En tanto, el titular de la Secretar\u00eda de Trabajo<br \/>\ny Previsi\u00f3n Social de Campeche (STPSCAM), Jorge Radam\u00e9s Romero Bock, se\u00f1al\u00f3 que<br \/>\nla inclusi\u00f3n laboral es prioritario en ese organismo  con el tema de vinculaci\u00f3n laboral,<br \/>\nprotecci\u00f3n de los derechos de las y los trabajadores, vigilancia y promoci\u00f3n de<br \/>\nla paz laboral, \u201cpor tal motivo se implementa la estrategia \u201cAbriendo Espacios\u201d,<br \/>\na trav\u00e9s del Servicio Nacional de Empleo (SNE), que busca que las personas con<br \/>\ndiscapacidad se coloquen en un empleo digno y formal, aportando sus<br \/>\nconocimientos  y experiencia en un<br \/>\nambiente laboral\u201d, se\u00f1al\u00f3.<\/p>\n<p>Al evento asistieron el titular de la Secretar\u00eda<br \/>\nde Salud, Rafael Rodr\u00edguez Cabrera; la Directora de Atenci\u00f3n Social y<br \/>\nDiscapacidad del DIF Estatal, Magaly Medina Farf\u00e1n, as\u00ed como autoridades del<br \/>\npoder judicial, derechos humanos y empresarios participantes, que escucharon<br \/>\nlos testimonios de representantes de empresas y personas con discapacidad que<br \/>\nya son parte de la inclusi\u00f3n laboral.<\/p><\/p>\n","protected":false},"excerpt":{"rendered":"<p>Campeche es un estado reconocido por el DIF Nacional como promotor de acciones en favor de las personas con discapacidad, esto nos hace sentir orgullo<\/p>\n","protected":false},"author":1018,"featured_media":0,"comment_status":"open","ping_status":"open","sticky":false,"template":"","format":"standard","meta":{"tdm_status":"","tdm_grid_status":"","footnotes":""},"categories":[27],"tags":[],"_links":{"self":[{"href":"https:\/\/dralvarez.com.mx\/larevista\/wp-json\/wp\/v2\/posts\/67491"}],"collection":[{"href":"https:\/\/dralvarez.com.mx\/larevista\/wp-json\/wp\/v2\/posts"}],"about":[{"href":"https:\/\/dralvarez.com.mx\/larevista\/wp-json\/wp\/v2\/types\/post"}],"author":[{"embeddable":true,"href":"https:\/\/dralvarez.com.mx\/larevista\/wp-json\/wp\/v2\/users\/1018"}],"replies":[{"embeddable":true,"href":"https:\/\/dralvarez.com.mx\/larevista\/wp-json\/wp\/v2\/comments?post=67491"}],"version-history":[{"count":0,"href":"https:\/\/dralvarez.com.mx\/larevista\/wp-json\/wp\/v2\/posts\/67491\/revisions"}],"wp:attachment":[{"href":"https:\/\/dralvarez.com.mx\/larevista\/wp-json\/wp\/v2\/media?parent=67491"}],"wp:term":[{"taxonomy":"category","embeddable":true,"href":"https:\/\/dralvarez.com.mx\/larevista\/wp-json\/wp\/v2\/categories?post=67491"},{"taxonomy":"post_tag","embeddable":true,"href":"https:\/\/dralvarez.com.mx\/larevista\/wp-json\/wp\/v2\/tags?post=67491"}],"curies":[{"name":"wp","href":"https:\/\/api.w.org\/{rel}","templated":true}]}}