{"id":67464,"date":"2018-07-10T00:00:00","date_gmt":"2018-07-10T06:00:00","guid":{"rendered":"https:\/\/dralvarez.com.mx\/larevista\/blog\/apicam-invita-a-participar-en-cursos-de-verano-de-playa-bonita-y-del-complejo-turistico-faro-isla-arena-27439"},"modified":"2018-07-10T00:00:00","modified_gmt":"2018-07-10T06:00:00","slug":"apicam-invita-a-participar-en-cursos-de-verano-de-playa-bonita-y-del-complejo-turistico-faro-isla-arena-27439","status":"publish","type":"post","link":"https:\/\/dralvarez.com.mx\/larevista\/compeche\/apicam-invita-a-participar-en-cursos-de-verano-de-playa-bonita-y-del-complejo-turistico-faro-isla-arena-27439","title":{"rendered":"APICAM invita a participar en cursos de verano de playa bonita y del complejo tur\u00edstico faro isla arena"},"content":{"rendered":"<\/p>\n<p>La<br \/>\nAdministraci\u00f3n Portuaria Integral de Campeche (APICAM), a trav\u00e9s del programa<br \/>\nPuerto y Ciudad, invita a la poblaci\u00f3n infantil de 6 a 12 a\u00f1os de edad a<br \/>\nparticipar en los cursos de verano que se realizar\u00e1n en el Balneario Playa<br \/>\nBonita y el Complejo Tur\u00edstico y Cultural del Faro de Isla Arena, del 16 al 27<br \/>\nde julio.<\/p>\n<p>El<br \/>\nobjetivo es ofrecer esparcimiento a trav\u00e9s de actividades pedag\u00f3gicas,<br \/>\nart\u00edsticas y deportivas durante la temporada vacacional, como un servicio a los<br \/>\nm\u00e1s peque\u00f1os de las familias de las comunidades portuarias.<\/p>\n<p>El<br \/>\ncurso de verano en el balneario Playa Bonita constar\u00e1 de actividades f\u00edsicas,<br \/>\nrealizaci\u00f3n de esculturas de arena, nataci\u00f3n y futbol playero. Se llevar\u00e1 a<br \/>\ncabo del 16 al 27 de julio en horario de 8:30 a 13:00 horas, con cuota de<br \/>\nrecuperaci\u00f3n de 50 pesos por d\u00eda, 200 pesos por semana y\/o 350 el curso<br \/>\ncompleto, sin costo para los trabajadores de la APICAM y usuarios del Centro de<br \/>\nDesarrollo Comunitario (CDC) San Francisco de Kob\u00e9n.<\/p>\n<p>En<br \/>\nel Centro Tur\u00edstico y Cultural del Faro de Isla Arena, el curso es gratuito,<br \/>\ndirigido a ni\u00f1os de 9 a 12 a\u00f1os de edad, en horario de 09:00 a 12:00 horas,<br \/>\nrealizando activaci\u00f3n f\u00edsica, manualidades, folklore y sala de lectura.<\/p>\n<p>Con<br \/>\nel Programa Puerto Ciudad, el Gobierno del Estado de Campeche, a trav\u00e9s de la<br \/>\nAPICAM, busca promover la cultura portuaria en todos los sectores de la<br \/>\nsociedad campechana, concientizando a los ni\u00f1os y familias sobre la importancia<br \/>\ndel cuidado y conservaci\u00f3n de nuestros vestigios hist\u00f3ricos de identidad<br \/>\ncultural y de los recursos naturales<\/p>\n<p><\/p>\n","protected":false},"excerpt":{"rendered":"<p>El curso de verano en el balneario Playa Bonita constar\u00e1 de actividades f\u00edsicas, realizaci\u00f3n de esculturas de arena, nataci\u00f3n y futbol playero&#8230;<\/p>\n","protected":false},"author":1018,"featured_media":0,"comment_status":"open","ping_status":"open","sticky":false,"template":"","format":"standard","meta":{"tdm_status":"","tdm_grid_status":"","footnotes":""},"categories":[27],"tags":[],"_links":{"self":[{"href":"https:\/\/dralvarez.com.mx\/larevista\/wp-json\/wp\/v2\/posts\/67464"}],"collection":[{"href":"https:\/\/dralvarez.com.mx\/larevista\/wp-json\/wp\/v2\/posts"}],"about":[{"href":"https:\/\/dralvarez.com.mx\/larevista\/wp-json\/wp\/v2\/types\/post"}],"author":[{"embeddable":true,"href":"https:\/\/dralvarez.com.mx\/larevista\/wp-json\/wp\/v2\/users\/1018"}],"replies":[{"embeddable":true,"href":"https:\/\/dralvarez.com.mx\/larevista\/wp-json\/wp\/v2\/comments?post=67464"}],"version-history":[{"count":0,"href":"https:\/\/dralvarez.com.mx\/larevista\/wp-json\/wp\/v2\/posts\/67464\/revisions"}],"wp:attachment":[{"href":"https:\/\/dralvarez.com.mx\/larevista\/wp-json\/wp\/v2\/media?parent=67464"}],"wp:term":[{"taxonomy":"category","embeddable":true,"href":"https:\/\/dralvarez.com.mx\/larevista\/wp-json\/wp\/v2\/categories?post=67464"},{"taxonomy":"post_tag","embeddable":true,"href":"https:\/\/dralvarez.com.mx\/larevista\/wp-json\/wp\/v2\/tags?post=67464"}],"curies":[{"name":"wp","href":"https:\/\/api.w.org\/{rel}","templated":true}]}}