{"id":67458,"date":"2018-07-09T00:00:00","date_gmt":"2018-07-09T06:00:00","guid":{"rendered":"https:\/\/dralvarez.com.mx\/larevista\/blog\/imparten-taller-sobre-las-generalidades-del-tdah-y-sus-estrategias-para-su-aplicacion-27433"},"modified":"2018-07-09T00:00:00","modified_gmt":"2018-07-09T06:00:00","slug":"imparten-taller-sobre-las-generalidades-del-tdah-y-sus-estrategias-para-su-aplicacion-27433","status":"publish","type":"post","link":"https:\/\/dralvarez.com.mx\/larevista\/compeche\/imparten-taller-sobre-las-generalidades-del-tdah-y-sus-estrategias-para-su-aplicacion-27433","title":{"rendered":"Imparten taller sobre las generalidades del tdah y sus estrategias para su aplicaci\u00f3n"},"content":{"rendered":"<p>Con el objetivo de que los participantes adquirieran las herramientas y habilidades b\u00e1sicas para detectar e intervenir en casos de ni\u00f1os con trastornos de d\u00e9ficit de atenci\u00f3n con y sin hiperactividad, el Sistema Estatal para el Desarrollo Integral de la Familia (DIF), a trav\u00e9s de la coordinaci\u00f3n Educativa de la Direcci\u00f3n de Desarrollo Familiar, imparti\u00f3 el taller \u201cLas Generalidades TDAH y sus Estrategias para su Aplicaci\u00f3n\u201d, dirigido a gestoras, maestras y responsables de los Centros de Desarrollo Comunitarios (CDC).<\/p>\n<p>En representaci\u00f3n de la Presidenta del Patronato del DIF Estatal, Christelle Casta\u00f1\u00f3n de Moreno, la Directora de Desarrollo Familiar y Voluntariado, Sonia Castilla Trevi\u00f1o, dio la bienvenida a las 12 gestoras, tres maestras y cuatro responsables de los CDC Miguel Hidalgo, Hampolol, San Francisco Kob\u00e9n, Lindavista, Granjas, Sascalum, Josefa Ortiz de Dom\u00ednguez, Kanist\u00e9, Siglo XXI, Ampliaci\u00f3n Cuatro Caminos y Ampliaci\u00f3n Polvor\u00edn.<\/p>\n<p>Durante el taller, los participantes aprendieron las herramientas y habilidades b\u00e1sicas que pondr\u00e1n en pr\u00e1ctica con los ni\u00f1os y ni\u00f1as que atienden a trav\u00e9s del Modelo \u201cFormando Lazos\u201d. Cabe mencionar que, uno de cada 20 ni\u00f1os es diagnosticado con TDAH, que en la actualidad es considerado como un problema de salud p\u00fablica, increment\u00e1ndose en los \u00faltimos a\u00f1os.<\/p>\n<p>Es por esta raz\u00f3n la importancia del curso para brindar la informaci\u00f3n necesaria a los gestores del Modelo Formando Lazos, y as\u00ed contribuir en el trabajo integral para poder actuar adecuadamente y saber las medidas que deben de emplear para interactuar en  su ambiente y poder vivir en la inclusi\u00f3n.<\/p>\n<p>Al finalizar el taller se entregaron reconocimientos al equipo integral de capacitaci\u00f3n, conformado por Miriam Cambranis May, Tania Caba\u00f1as Abreu, Ver\u00f3nica Peraza M\u00e9ndez, Jos\u00e9 Ehu\u00e1n Queh y  Geovanny Manuel Caraveo, especialistas en la materia.<\/p>\n","protected":false},"excerpt":{"rendered":"<p>\u201cLas Generalidades TDAH y sus Estrategias para su Aplicaci\u00f3n\u201d, dirigido a gestoras, maestras y responsables de los Centros de Desarrollo Comunitarios<\/p>\n","protected":false},"author":1018,"featured_media":0,"comment_status":"open","ping_status":"open","sticky":false,"template":"","format":"standard","meta":{"tdm_status":"","tdm_grid_status":"","footnotes":""},"categories":[27],"tags":[],"_links":{"self":[{"href":"https:\/\/dralvarez.com.mx\/larevista\/wp-json\/wp\/v2\/posts\/67458"}],"collection":[{"href":"https:\/\/dralvarez.com.mx\/larevista\/wp-json\/wp\/v2\/posts"}],"about":[{"href":"https:\/\/dralvarez.com.mx\/larevista\/wp-json\/wp\/v2\/types\/post"}],"author":[{"embeddable":true,"href":"https:\/\/dralvarez.com.mx\/larevista\/wp-json\/wp\/v2\/users\/1018"}],"replies":[{"embeddable":true,"href":"https:\/\/dralvarez.com.mx\/larevista\/wp-json\/wp\/v2\/comments?post=67458"}],"version-history":[{"count":0,"href":"https:\/\/dralvarez.com.mx\/larevista\/wp-json\/wp\/v2\/posts\/67458\/revisions"}],"wp:attachment":[{"href":"https:\/\/dralvarez.com.mx\/larevista\/wp-json\/wp\/v2\/media?parent=67458"}],"wp:term":[{"taxonomy":"category","embeddable":true,"href":"https:\/\/dralvarez.com.mx\/larevista\/wp-json\/wp\/v2\/categories?post=67458"},{"taxonomy":"post_tag","embeddable":true,"href":"https:\/\/dralvarez.com.mx\/larevista\/wp-json\/wp\/v2\/tags?post=67458"}],"curies":[{"name":"wp","href":"https:\/\/api.w.org\/{rel}","templated":true}]}}