{"id":67456,"date":"2018-07-09T00:00:00","date_gmt":"2018-07-09T06:00:00","guid":{"rendered":"https:\/\/dralvarez.com.mx\/larevista\/blog\/20-emprendedores-campechanos-participan-en-el-ja-global-youth-forum-27431"},"modified":"2018-07-09T00:00:00","modified_gmt":"2018-07-09T06:00:00","slug":"20-emprendedores-campechanos-participan-en-el-ja-global-youth-forum-27431","status":"publish","type":"post","link":"https:\/\/dralvarez.com.mx\/larevista\/compeche\/20-emprendedores-campechanos-participan-en-el-ja-global-youth-forum-27431","title":{"rendered":"20 emprendedores campechanos participan en el ja global youth forum"},"content":{"rendered":"<\/p>\n<p>Los<br \/>\n20 j\u00f3venes emprendedores ganadores del programa \u201cEmprendiendo el Futuro\u201d<br \/>\nparticipan en el \u201cJA Global Youth Forum\u201d, del 8 al 13 de julio, en el estado de<br \/>\nMorelos, evento en el que se re\u00fanen 400 j\u00f3venes de 16 a 21 a\u00f1os de al menos 50<br \/>\npa\u00edses.<\/p>\n<p>El<br \/>\npasado mes de mayo, concluyeron las actividades del programa, resultando<br \/>\nganadores los equipos: \u201cM\u00e1quina de Agua\u201d del CETMAR 03 Campeche y \u201cGastordi\u201d<br \/>\ndel COBACAM plantel Atasta, Carmen; los cuales fueron acreedores de los<br \/>\nprimeros lugares y como parte del premio, podr\u00e1n participar en dicho foro donde<br \/>\nhabr\u00e1 reconocidos conferencistas, paneles de expertos, talleres de<br \/>\nemprendedores, competencias, actividades recreativas y mucho m\u00e1s.<\/p>\n<p>\u201cEmprendiendo<br \/>\nel Futuro\u201d es un programa implementado por la Secretar\u00eda de Desarrollo<br \/>\nEcon\u00f3mico (SEDECO), a trav\u00e9s del Instituto Campechano del Emprendedor (ICEM),<br \/>\nel cual se basa en una metodolog\u00eda de emprendimiento de Junior Achievement,<br \/>\norganizaci\u00f3n fundada en 1919 que ofrece programas experienciales en temas de<br \/>\neducaci\u00f3n financiera, preparaci\u00f3n para el trabajo y esp\u00edritu emprendedor a los<br \/>\nalumnos de jard\u00edn de infantes hasta la escuela secundaria.<\/p>\n<p>Cabe<br \/>\ndestacar que el Gobernador Alejandro Moreno C\u00e1rdenas puso en marcha el programa<br \/>\nImpulsa \u201cEmprendiendo el Futuro\u201d, el 7 de octubre de 2017, donde participaron<br \/>\n400 estudiantes de 14 instituciones de nivel medio superior y superior de los<br \/>\nmunicipios de Campeche y Carmen, con la finalidad de generar habilidades<br \/>\nemprendedoras<\/p><\/p>\n","protected":false},"excerpt":{"rendered":"<p>Los 20 j\u00f3venes emprendedores ganadores del programa \u201cEmprendiendo el Futuro\u201d participan en el \u201cJA Global Youth Forum\u201d, del 8 al 13 de julio&#8230;<\/p>\n","protected":false},"author":1018,"featured_media":0,"comment_status":"open","ping_status":"open","sticky":false,"template":"","format":"standard","meta":{"tdm_status":"","tdm_grid_status":"","footnotes":""},"categories":[27],"tags":[],"_links":{"self":[{"href":"https:\/\/dralvarez.com.mx\/larevista\/wp-json\/wp\/v2\/posts\/67456"}],"collection":[{"href":"https:\/\/dralvarez.com.mx\/larevista\/wp-json\/wp\/v2\/posts"}],"about":[{"href":"https:\/\/dralvarez.com.mx\/larevista\/wp-json\/wp\/v2\/types\/post"}],"author":[{"embeddable":true,"href":"https:\/\/dralvarez.com.mx\/larevista\/wp-json\/wp\/v2\/users\/1018"}],"replies":[{"embeddable":true,"href":"https:\/\/dralvarez.com.mx\/larevista\/wp-json\/wp\/v2\/comments?post=67456"}],"version-history":[{"count":0,"href":"https:\/\/dralvarez.com.mx\/larevista\/wp-json\/wp\/v2\/posts\/67456\/revisions"}],"wp:attachment":[{"href":"https:\/\/dralvarez.com.mx\/larevista\/wp-json\/wp\/v2\/media?parent=67456"}],"wp:term":[{"taxonomy":"category","embeddable":true,"href":"https:\/\/dralvarez.com.mx\/larevista\/wp-json\/wp\/v2\/categories?post=67456"},{"taxonomy":"post_tag","embeddable":true,"href":"https:\/\/dralvarez.com.mx\/larevista\/wp-json\/wp\/v2\/tags?post=67456"}],"curies":[{"name":"wp","href":"https:\/\/api.w.org\/{rel}","templated":true}]}}