{"id":67455,"date":"2018-07-09T00:00:00","date_gmt":"2018-07-09T06:00:00","guid":{"rendered":"https:\/\/dralvarez.com.mx\/larevista\/blog\/inicia-encuentro-academico-deportivo-y-cultural-cobacam-2018-27430"},"modified":"2018-07-09T00:00:00","modified_gmt":"2018-07-09T06:00:00","slug":"inicia-encuentro-academico-deportivo-y-cultural-cobacam-2018-27430","status":"publish","type":"post","link":"https:\/\/dralvarez.com.mx\/larevista\/compeche\/inicia-encuentro-academico-deportivo-y-cultural-cobacam-2018-27430","title":{"rendered":"Inicia encuentro acad\u00e9mico, deportivo y cultural cobacam 2018"},"content":{"rendered":"<p>Con el objetivo de favorecer la convivencia escolar basada en la equidad y respeto, promoviendo entre la poblaci\u00f3n estudiantil el intercambio de experiencias a trav\u00e9s de la sana competencia, y de este modo mejorar el aprovechamiento escolar en el nivel medio superior, el Colegio de Bachilleres del Estado de Campeche (COBACAM) realiza el Encuentro Estatal Acad\u00e9mico, Cultural y Deportivo COBACAM 2018, donde participan m\u00e1s de mil alumnos provenientes de los 37 Centros Educativos que conforman la instituci\u00f3n, quienes durante dos d\u00edas competir\u00e1n en diversas disciplinas.<\/p>\n<p>Al inaugurar el evento, en las instalaciones del Centro Deportivo de Alto Rendimiento (CEDAR), la Directora General del COBACAM, Adlemi Santiago Ram\u00edrez, destac\u00f3 que esta actividad refleja la fortaleza del colegio en sus 37 centros educativos, y felicit\u00f3 a los participantes a continuar luchando todos los d\u00edas para abrirse camino a las oportunidades, vislumbrando un futuro mejor.<\/p>\n<p>Los j\u00f3venes competir\u00e1n en actividades acad\u00e9micas sobre conocimientos generales, ciencia y tecnolog\u00eda, declamaci\u00f3n, oratoria, debate, cuento, poes\u00eda y ensayo; en las disciplinas  culturales se desarrollan concursos de baile folkl\u00f3rico y moderno, canto, m\u00fasica, teatro y pintura; en el \u00e1rea deportiva, las disciplinas de ajedrez, atletismo, baloncesto, b\u00e9isbol, f\u00fatbol y voleibol.<\/p>\n<p>El juramento deportivo estuvo a cargo de Fernando Roque S\u00e1nchez Yah, alumno del cuarto semestre del plantel 13 de Calkin\u00ed, quien expres\u00f3 el compromiso de conducirse con responsabilidad durante las justas, dando lo mejor con miras a respetar al oponente.<\/p>\n<p>Finamente, el acto de inauguraci\u00f3n estuvo a cargo del Director General del Instituto del Deporte (INDECAM), Jorge Carlos Hurtado Montero, en representaci\u00f3n del Gobernador Alejandro Moreno C\u00e1rdenas, quien resalt\u00f3 lo importante de la sana convivencia y de la motivaci\u00f3n a trav\u00e9s de espacios para el desarrollo de los j\u00f3venes.<\/p>\n<p>Al evento acudieron Carlos Figueroa Bal\u00e1n, en representaci\u00f3n de la Secretar\u00eda de Educaci\u00f3n (SEDUC); Jorge Esquivel Ru\u00edz, Director de la Fundaci\u00f3n Pablo Garc\u00eda (FPG); Guadalupe Manuel Estrada Segovia, Director de la Facultad de Ingenier\u00eda de la Universidad Aut\u00f3noma de Campeche (UAC); H\u00e9ctor Manuel de Atocha P\u00e9rez Rodr\u00edguez, Director del Instituto de Infraestructura F\u00edsica Educativa del Estado de Campeche (INIFEEC); y Ana Isabel May Carde\u00f1a, Secretaria General del SUTCOBACAM.<\/p>\n","protected":false},"excerpt":{"rendered":"<p>Los j\u00f3venes competir\u00e1n en actividades acad\u00e9micas sobre conocimientos generales, ciencia y tecnolog\u00eda, declamaci\u00f3n, oratoria, debate, cuento, poes\u00eda y<\/p>\n","protected":false},"author":1018,"featured_media":0,"comment_status":"open","ping_status":"open","sticky":false,"template":"","format":"standard","meta":{"tdm_status":"","tdm_grid_status":"","footnotes":""},"categories":[27],"tags":[],"_links":{"self":[{"href":"https:\/\/dralvarez.com.mx\/larevista\/wp-json\/wp\/v2\/posts\/67455"}],"collection":[{"href":"https:\/\/dralvarez.com.mx\/larevista\/wp-json\/wp\/v2\/posts"}],"about":[{"href":"https:\/\/dralvarez.com.mx\/larevista\/wp-json\/wp\/v2\/types\/post"}],"author":[{"embeddable":true,"href":"https:\/\/dralvarez.com.mx\/larevista\/wp-json\/wp\/v2\/users\/1018"}],"replies":[{"embeddable":true,"href":"https:\/\/dralvarez.com.mx\/larevista\/wp-json\/wp\/v2\/comments?post=67455"}],"version-history":[{"count":0,"href":"https:\/\/dralvarez.com.mx\/larevista\/wp-json\/wp\/v2\/posts\/67455\/revisions"}],"wp:attachment":[{"href":"https:\/\/dralvarez.com.mx\/larevista\/wp-json\/wp\/v2\/media?parent=67455"}],"wp:term":[{"taxonomy":"category","embeddable":true,"href":"https:\/\/dralvarez.com.mx\/larevista\/wp-json\/wp\/v2\/categories?post=67455"},{"taxonomy":"post_tag","embeddable":true,"href":"https:\/\/dralvarez.com.mx\/larevista\/wp-json\/wp\/v2\/tags?post=67455"}],"curies":[{"name":"wp","href":"https:\/\/api.w.org\/{rel}","templated":true}]}}