{"id":67399,"date":"2018-07-06T00:00:00","date_gmt":"2018-07-06T06:00:00","guid":{"rendered":"https:\/\/dralvarez.com.mx\/larevista\/blog\/se-consolida-inversion-en-infraestructura-educativa-en-el-estado-27370"},"modified":"2018-07-06T00:00:00","modified_gmt":"2018-07-06T06:00:00","slug":"se-consolida-inversion-en-infraestructura-educativa-en-el-estado-27370","status":"publish","type":"post","link":"https:\/\/dralvarez.com.mx\/larevista\/compeche\/se-consolida-inversion-en-infraestructura-educativa-en-el-estado-27370","title":{"rendered":"Se consolida inversi\u00f3n en infraestructura educativa en el estado"},"content":{"rendered":"<\/p>\n<p>\u201cSe tiene el reto de transformar la educaci\u00f3n y no podemos pensar en hacerlo si no concatenamos esfuerzos en inversi\u00f3n para infraestructura educativa, capacitaci\u00f3n docente, y nuevas estrategias que fortalezcan la ense\u00f1anza en las aulas\u201d, afirm\u00f3 el titular de la Secretar\u00eda de Educaci\u00f3n de Campeche (SEDUC), Ricardo Medina Farf\u00e1n, quien recalc\u00f3 que en la presente administraci\u00f3n se atender\u00e1 con acciones de rehabilitaci\u00f3n, restauraci\u00f3n o modernizaci\u00f3n los centros educativos de la entidad.<\/p>\n<p>Tras realizar la supervisi\u00f3n de los avances de la construcci\u00f3n del Centro de Ingenier\u00eda y Desarrollo Industrial (CIDESI), que actualmente se consolida en Ciudad del Carmen, el titular de la SEDUC indic\u00f3 que este complejo es un ejemplo de la importancia del sector educativo en la entidad, y que permitir\u00e1 no solo fortalecer la ense\u00f1anza, sino adem\u00e1s contribuir\u00e1 a fortalecer el sector energ\u00e9tico.<\/p>\n<p>Medina Farf\u00e1n record\u00f3 que a la par de este centro de investigaci\u00f3n especializado, en Carmen se realizan inversiones de gran trascendencia que han permitido consolidar acciones en m\u00e1s del 72 por ciento de las escuelas de este municipio.<\/p>\n<p>Claro ejemplo de ello es la rehabilitaci\u00f3n de la Escuela Primaria \u201cMaestros Carmelitas\u201d y la &#8220;Alicia Mar\u00eda Calder\u00f3n de Avil\u00e9s&#8221;, de Ciudad del Carmen; la Escuela Secundaria T\u00e9cnica n\u00famero 35 y el Jard\u00edn de Ni\u00f1os &#8220;\u00c1ngela Zapata&#8221;, de Isla Aguada; as\u00ed como el Jard\u00edn de Ni\u00f1os \u201cAndr\u00e9s Quintana Roo\u201d y la Secundaria General n\u00famero 14, de Sabancuy, mismas que ser\u00e1n atendidas con acciones de remodelaci\u00f3n y reconstrucci\u00f3n, precis\u00f3.<\/p>\n<p>\u201cY esto se realiza por que es parte del proyecto educativo del Gobernador Alejandro Moreno C\u00e1rdenas, pero no solo es ir y mejorar f\u00edsicamente los centros escolares, es ir m\u00e1s all\u00e1 de eso; hoy en d\u00eda, a trav\u00e9s de nuevos programas educativos y de capacitaci\u00f3n a los docentes, al final lo que estamos buscando es transformar de fondo las escuelas del Estado. Tenemos claro que la educaci\u00f3n es el principal motor para hacer crecer a nuestra Entidad en lo social, en lo econ\u00f3mico, en todos los \u00e1mbitos, y para hacerlo tenemos que contar con personas con plenas capacidades que desarrollen su talento, por ello las autoridades y el gobierno, tenemos que impulsar acciones y estrategias que contribuyan a que las escuelas funcionen bien\u201d, asever\u00f3.<\/p>\n<p>Es importante resaltar que en la supervisi\u00f3n de los avances de la construcci\u00f3n del CIDESI, el titular de SEDUC estuvo acompa\u00f1ado del director General del Centro, Jes\u00fas Gonz\u00e1lez Hern\u00e1ndez, y del director general de este Centro en Carmen, Cirilo Noguera Silva.<\/p>\n<p>Asimismo, en su visita, el titular de la SEDUC constat\u00f3 los avances que se tienen en este importante espacio, mismo que servir\u00e1 para propiciar mayores oportunidades para el desarrollo cient\u00edfico y tecnol\u00f3gico en el Estado, orientado principalmente a los hidrocarburos.<\/p><\/p>\n","protected":false},"excerpt":{"rendered":"<p>Se tiene el reto de transformar la educaci\u00f3n y no podemos pensar en hacerlo si no concatenamos esfuerzos en inversi\u00f3n para infraestructura educativa..<\/p>\n","protected":false},"author":1018,"featured_media":0,"comment_status":"open","ping_status":"open","sticky":false,"template":"","format":"standard","meta":{"tdm_status":"","tdm_grid_status":"","footnotes":""},"categories":[27],"tags":[],"_links":{"self":[{"href":"https:\/\/dralvarez.com.mx\/larevista\/wp-json\/wp\/v2\/posts\/67399"}],"collection":[{"href":"https:\/\/dralvarez.com.mx\/larevista\/wp-json\/wp\/v2\/posts"}],"about":[{"href":"https:\/\/dralvarez.com.mx\/larevista\/wp-json\/wp\/v2\/types\/post"}],"author":[{"embeddable":true,"href":"https:\/\/dralvarez.com.mx\/larevista\/wp-json\/wp\/v2\/users\/1018"}],"replies":[{"embeddable":true,"href":"https:\/\/dralvarez.com.mx\/larevista\/wp-json\/wp\/v2\/comments?post=67399"}],"version-history":[{"count":0,"href":"https:\/\/dralvarez.com.mx\/larevista\/wp-json\/wp\/v2\/posts\/67399\/revisions"}],"wp:attachment":[{"href":"https:\/\/dralvarez.com.mx\/larevista\/wp-json\/wp\/v2\/media?parent=67399"}],"wp:term":[{"taxonomy":"category","embeddable":true,"href":"https:\/\/dralvarez.com.mx\/larevista\/wp-json\/wp\/v2\/categories?post=67399"},{"taxonomy":"post_tag","embeddable":true,"href":"https:\/\/dralvarez.com.mx\/larevista\/wp-json\/wp\/v2\/tags?post=67399"}],"curies":[{"name":"wp","href":"https:\/\/api.w.org\/{rel}","templated":true}]}}