{"id":67388,"date":"2018-07-06T00:00:00","date_gmt":"2018-07-06T06:00:00","guid":{"rendered":"https:\/\/dralvarez.com.mx\/larevista\/blog\/campeche-lidera-reduccion-de-tasa-de-desocupacion-en-lo-que-va-de-2018-27358"},"modified":"2018-07-06T00:00:00","modified_gmt":"2018-07-06T06:00:00","slug":"campeche-lidera-reduccion-de-tasa-de-desocupacion-en-lo-que-va-de-2018-27358","status":"publish","type":"post","link":"https:\/\/dralvarez.com.mx\/larevista\/compeche\/campeche-lidera-reduccion-de-tasa-de-desocupacion-en-lo-que-va-de-2018-27358","title":{"rendered":"Campeche lidera reducci\u00f3n de tasa de desocupaci\u00f3n en lo que va de 2018"},"content":{"rendered":"<\/p>\n<p>La<br \/>\nSecretar\u00eda de Desarrollo Econ\u00f3mico de Campeche (SEDECO) informa que Campeche fue<br \/>\nla entidad que redujo de forma m\u00e1s pronunciada su tasa de desocupaci\u00f3n anual en<br \/>\nlos primeros cinco meses del a\u00f1o, al pasar de 3.93 por ciento de su Poblaci\u00f3n<br \/>\nEcon\u00f3micamente Activa (PEA) en 2017, a 2.67 por ciento en el mismo lapso del<br \/>\npresente a\u00f1o. Es decir, la baja en desocupaci\u00f3n fue de 1.26 puntos<br \/>\nporcentuales, la mayor del pa\u00eds.<\/p>\n<p>De<br \/>\nacuerdo con datos del Instituto Nacional de Estad\u00edstica y Geograf\u00eda (INEGI) y<br \/>\ndel Instituto Mexicano del Seguro Social (IMSS), en los primeros cinco meses<br \/>\ndel presente a\u00f1o, Campeche gener\u00f3 mil 788 plazas formales, mientras que en el<br \/>\nmismo periodo de 2017 la entidad registr\u00f3 una p\u00e9rdida de dos mil 159 plazas.<\/p>\n<p>Al<br \/>\nrespecto, el titular de la SEDECO, Jos\u00e9 Domingo Berzunza Esp\u00ednola, coment\u00f3 que<br \/>\nlas acciones para diversificar la econom\u00eda, como incentivar la manufactura y el<br \/>\nturismo, est\u00e1n dando resultados.<\/p>\n<p>Advirti\u00f3<br \/>\nque ayer se firmaron los contratos de las 16 \u00e1reas integradas en la Ronda 3.1,<br \/>\ncuya primera producci\u00f3n podr\u00eda materializarse en 2022, con una producci\u00f3n<br \/>\nm\u00e1xima de 264 mil barriles diarios<\/p>\n<p>Asimismo,<br \/>\nexplic\u00f3 que, de acuerdo con la Secretar\u00eda de Energ\u00eda del gobierno federal<br \/>\n(SENER), la inversi\u00f3n general de esta ronda ascender\u00eda a ocho mil 626 millones<br \/>\nde d\u00f3lares, de los que en la primera fase de exploraci\u00f3n se erogar\u00edan 442<br \/>\nmillones de d\u00f3lares.<\/p>\n<p>Berzunza<br \/>\nEsp\u00ednola inform\u00f3 que estas acciones de exploraci\u00f3n y producci\u00f3n generar\u00edan 86<br \/>\nmil empleos totales, de los que 23 mil ser\u00edan formales, con beneficio para los<br \/>\nestados petroleros del Golfo de M\u00e9xico, incluyendo a Campeche.<\/p>\n<p><b>Gobernador<br \/>\nemite su voto<\/b><\/p>\n<p>El<br \/>\ngobernador Alejandro Moreno C\u00e1rdenas emiti\u00f3 su voto el pasado domingo, en la<br \/>\ncasilla contigua 1 de la secci\u00f3n 0089, ubicada en la escuela primaria \u201cJuan<br \/>\nEscutia\u201d de la unidad habitacional \u201cH\u00e9roes de Chapultepec\u201d, mejor conocida como<br \/>\nFovi.<\/p>\n<p>Moreno<br \/>\nC\u00e1rdenas arrib\u00f3 al plantel acompa\u00f1ado de su esposa Christelle Casta\u00f1\u00f3n de<br \/>\nMoreno y de su hijo mayor Alejandro Moreno Arceo, quienes de inmediato se<br \/>\nformaron en la fila de ciudadanos que esperaban su turno para emitir su<br \/>\nsufragio.<\/p>\n<p>Alrededor<br \/>\nde las 12\u00ad:40 horas, el mandatario ingres\u00f3 a la casilla contigua 1, donde<br \/>\nrecibi\u00f3 de los funcionarios las boletas electorales y tres minutos m\u00e1s tarde<br \/>\nfue deposit\u00e1ndolas en cada una de las urnas correspondientes a los cargos<br \/>\nfederales, estatales y municipales a elegir. Su esposa, ejerci\u00f3 su derecho al<br \/>\nvoto en la casilla b\u00e1sica.<\/p>\n<p>En<br \/>\nentrevista, hizo un reconocimiento a las autoridades electorales y funcionarios<br \/>\nde casillas por estar al frente de una jornada electoral c\u00edvica, participativa<br \/>\ny ordenada.<\/p>\n<\/p>\n<p>\u201cLo<br \/>\nm\u00e1s importante se resume en respetar la ley, hay que esperar los tiempos y<br \/>\nestaremos trabajando siempre para garantizar una jornada que queremos que hasta<br \/>\nel final vaya como ahora, en paz y tranquilidad\u201d, puntualiz\u00f3.<\/p><\/p>\n","protected":false},"excerpt":{"rendered":"<p>De acuerdo con datos del INEGI y del IMSS,  Campeche gener\u00f3 mil 788 plazas formales, mientras que en el mismo periodo de 2017 la entidad registr\u00f3 una<\/p>\n","protected":false},"author":1018,"featured_media":0,"comment_status":"open","ping_status":"open","sticky":false,"template":"","format":"standard","meta":{"tdm_status":"","tdm_grid_status":"","footnotes":""},"categories":[27],"tags":[],"_links":{"self":[{"href":"https:\/\/dralvarez.com.mx\/larevista\/wp-json\/wp\/v2\/posts\/67388"}],"collection":[{"href":"https:\/\/dralvarez.com.mx\/larevista\/wp-json\/wp\/v2\/posts"}],"about":[{"href":"https:\/\/dralvarez.com.mx\/larevista\/wp-json\/wp\/v2\/types\/post"}],"author":[{"embeddable":true,"href":"https:\/\/dralvarez.com.mx\/larevista\/wp-json\/wp\/v2\/users\/1018"}],"replies":[{"embeddable":true,"href":"https:\/\/dralvarez.com.mx\/larevista\/wp-json\/wp\/v2\/comments?post=67388"}],"version-history":[{"count":0,"href":"https:\/\/dralvarez.com.mx\/larevista\/wp-json\/wp\/v2\/posts\/67388\/revisions"}],"wp:attachment":[{"href":"https:\/\/dralvarez.com.mx\/larevista\/wp-json\/wp\/v2\/media?parent=67388"}],"wp:term":[{"taxonomy":"category","embeddable":true,"href":"https:\/\/dralvarez.com.mx\/larevista\/wp-json\/wp\/v2\/categories?post=67388"},{"taxonomy":"post_tag","embeddable":true,"href":"https:\/\/dralvarez.com.mx\/larevista\/wp-json\/wp\/v2\/tags?post=67388"}],"curies":[{"name":"wp","href":"https:\/\/api.w.org\/{rel}","templated":true}]}}