{"id":67352,"date":"2018-07-04T00:00:00","date_gmt":"2018-07-04T06:00:00","guid":{"rendered":"https:\/\/dralvarez.com.mx\/larevista\/blog\/dif-estatal-invita-a-la-puesta-en-escena-el-libro-de-la-selva-27321"},"modified":"2018-07-04T00:00:00","modified_gmt":"2018-07-04T06:00:00","slug":"dif-estatal-invita-a-la-puesta-en-escena-el-libro-de-la-selva-27321","status":"publish","type":"post","link":"https:\/\/dralvarez.com.mx\/larevista\/compeche\/dif-estatal-invita-a-la-puesta-en-escena-el-libro-de-la-selva-27321","title":{"rendered":"DIF estatal invita a la puesta en escena \u201cel libro de la selva\u201d"},"content":{"rendered":"<\/p>\n<p>El Sistema Estatal para el Desarrollo integral<br \/>\nde la Familia (DIF), a trav\u00e9s de su Direcci\u00f3n de Atenci\u00f3n Social y Discapacidad,<br \/>\nen coordinaci\u00f3n con el Departamento de educaci\u00f3n especial de la Secretar\u00eda de<br \/>\nEducaci\u00f3n (SEDUC), invita a la ciudadan\u00eda en general a la puesta en escena de \u201cEl<br \/>\nLibro de la Selva\u201d, que se realizar\u00e1 el pr\u00f3ximo 17 julio, a las 10:00 y 12:00<br \/>\nhoras, y el 18  de julio a  las 10:00 horas en el  teatro \u201cFrancisco de Paula Toro\u201d.<\/p>\n<p>En este evento, cuya entrada es libre,<br \/>\nparticipan los alumnos de los Centros de Atenci\u00f3n M\u00faltiple (CAM) que forman<br \/>\nparte del programa de formaci\u00f3n art\u00edstica incluyente \u201cAprendiendo con el Arte\u201d,<br \/>\nque lleva a cabo el Centro Art\u00edstico y Cultural \u201cLeovigildo G\u00f3mez\u201d, uniendo el talento<br \/>\nde ni\u00f1as y ni\u00f1os en plena inclusi\u00f3n para montar la obra de teatro, desarrollando<br \/>\ncada uno sus habilidades art\u00edsticas.<\/p>\n<p><\/p>\n","protected":false},"excerpt":{"rendered":"<p>La Secretar\u00eda de Educaci\u00f3n (SEDUC), invita a la ciudadan\u00eda en general a la puesta en escena de \u201cEl Libro de la Selva\u201d,<\/p>\n","protected":false},"author":1018,"featured_media":0,"comment_status":"open","ping_status":"open","sticky":false,"template":"","format":"standard","meta":{"tdm_status":"","tdm_grid_status":"","footnotes":""},"categories":[27],"tags":[],"_links":{"self":[{"href":"https:\/\/dralvarez.com.mx\/larevista\/wp-json\/wp\/v2\/posts\/67352"}],"collection":[{"href":"https:\/\/dralvarez.com.mx\/larevista\/wp-json\/wp\/v2\/posts"}],"about":[{"href":"https:\/\/dralvarez.com.mx\/larevista\/wp-json\/wp\/v2\/types\/post"}],"author":[{"embeddable":true,"href":"https:\/\/dralvarez.com.mx\/larevista\/wp-json\/wp\/v2\/users\/1018"}],"replies":[{"embeddable":true,"href":"https:\/\/dralvarez.com.mx\/larevista\/wp-json\/wp\/v2\/comments?post=67352"}],"version-history":[{"count":0,"href":"https:\/\/dralvarez.com.mx\/larevista\/wp-json\/wp\/v2\/posts\/67352\/revisions"}],"wp:attachment":[{"href":"https:\/\/dralvarez.com.mx\/larevista\/wp-json\/wp\/v2\/media?parent=67352"}],"wp:term":[{"taxonomy":"category","embeddable":true,"href":"https:\/\/dralvarez.com.mx\/larevista\/wp-json\/wp\/v2\/categories?post=67352"},{"taxonomy":"post_tag","embeddable":true,"href":"https:\/\/dralvarez.com.mx\/larevista\/wp-json\/wp\/v2\/tags?post=67352"}],"curies":[{"name":"wp","href":"https:\/\/api.w.org\/{rel}","templated":true}]}}