{"id":67317,"date":"2018-07-04T00:00:00","date_gmt":"2018-07-04T06:00:00","guid":{"rendered":"https:\/\/dralvarez.com.mx\/larevista\/blog\/entregan-constancias-a-participantes-del-programa-de-facilitadores-y-usuarios-de-tecnologia-de-asistencia-para-personas-con-discapacidad-visual-27285"},"modified":"2018-07-04T00:00:00","modified_gmt":"2018-07-04T06:00:00","slug":"entregan-constancias-a-participantes-del-programa-de-facilitadores-y-usuarios-de-tecnologia-de-asistencia-para-personas-con-discapacidad-visual-27285","status":"publish","type":"post","link":"https:\/\/dralvarez.com.mx\/larevista\/compeche\/entregan-constancias-a-participantes-del-programa-de-facilitadores-y-usuarios-de-tecnologia-de-asistencia-para-personas-con-discapacidad-visual-27285","title":{"rendered":"Entregan constancias a participantes del programa de facilitadores y usuarios de tecnolog\u00eda de asistencia para personas con discapacidad visual"},"content":{"rendered":"<\/p>\n<p>La Directora General del Sistema Estatal para el<br \/>\nDesarrollo Integral de la Familia (DIF), Silvia Elena Parrao Arceo, en<br \/>\nrepresentaci\u00f3n de la Presidenta del Patronato del DIF Estatal, Christelle<br \/>\nCasta\u00f1\u00f3n de Moreno, encabez\u00f3 la entrega de constancias a los participantes del<br \/>\nprograma: Facilitadores y Usuarios de Tecnolog\u00edas para Personas con<br \/>\nDiscapacidad Visual, a quienes felicit\u00f3 por su compromiso de apoyar en el uso<br \/>\nde computadoras, y agradeci\u00f3 tambi\u00e9n la participaci\u00f3n de la Secretar\u00eda de<br \/>\nEducaci\u00f3n (SEDUC).<\/p>\n<p>En este programa se capacitaron a maestros de<br \/>\nlos Centros de Atenci\u00f3n M\u00faltiple (CAM) y familiares de los alumnos, quienes<br \/>\nrecibieron instrucci\u00f3n en conocimientos previos al empleo de la tecnolog\u00eda de<br \/>\nasistencia, que comprendieron las herramientas para introducir a ni\u00f1as y ni\u00f1os<br \/>\nen el uso de computadoras a trav\u00e9s de juegos y cuentos, as\u00ed como el uso de<br \/>\nlectores y ampliadores de pantalla y, sobre todo, las estrategias que deben<br \/>\naplicarse durante el proceso de ense\u00f1anza. Como resultado de esta etapa, ya se<br \/>\ncuenta con un equipo de facilitadores capacitados para ense\u00f1ar a nivel b\u00e1sico a<br \/>\npersonas con discapacidad visual.<\/p>\n<p>Posteriormente, los facilitadores en la etapa de<br \/>\ncapacitaci\u00f3n ser\u00e1n los encargados de ayudar por tres meses a un estudiante,<br \/>\npreviamente asignado, en el uso de la computadora con tecnolog\u00eda de asistencia,<br \/>\ny finalmente recibir\u00e1n capacitaci\u00f3n en el uso de Microsoft Office.<\/p>\n<p>Los maestros fueron capacitados por la Fundaci\u00f3n<br \/>\n\u201cVillar Lledias I.A.P, Ilumina, Ceguera y Baja Visi\u00f3n\u201d, representando por<br \/>\nSalvador \u00c1ngeles Ram\u00edrez, quien coincidi\u00f3 en que el uso de la tecnolog\u00eda es una<br \/>\nherramienta que favorece el desarrollo acad\u00e9mico y laboral de las personas con<br \/>\ndiscapacidad.<\/p>\n<p>\u201cEl DIF Estatal contin\u00faa con su compromiso de<br \/>\nsuprimir obst\u00e1culos que permitir\u00e1n a las personas con discapacidad visual<br \/>\nmejores perspectivas de desarrollo dentro de los \u00e1mbitos de educaci\u00f3n, laboral,<br \/>\nsocial y recreativo\u201d, precis\u00f3 Parrao Arceo.<\/p>\n<p>Como parte de la capacitaci\u00f3n, la Directora del<br \/>\nDIF, acompa\u00f1ada por el titular de la SEDUC, Ricardo Medina Farf\u00e1n, y la<br \/>\ndirectora de Atenci\u00f3n Social y Discapacidad, Magaly Medina Farf\u00e1n, entreg\u00f3 las constancias<br \/>\na los facilitadores y equipo de c\u00f3mputo a los alumnos de los CAM.<\/p><\/p>\n","protected":false},"excerpt":{"rendered":"<p>En este programa se capacitaron a maestros de los Centros de Atenci\u00f3n M\u00faltiple (CAM) y familiares de los alumnos&#8230;<\/p>\n","protected":false},"author":1018,"featured_media":0,"comment_status":"open","ping_status":"open","sticky":false,"template":"","format":"standard","meta":{"tdm_status":"","tdm_grid_status":"","footnotes":""},"categories":[27],"tags":[],"_links":{"self":[{"href":"https:\/\/dralvarez.com.mx\/larevista\/wp-json\/wp\/v2\/posts\/67317"}],"collection":[{"href":"https:\/\/dralvarez.com.mx\/larevista\/wp-json\/wp\/v2\/posts"}],"about":[{"href":"https:\/\/dralvarez.com.mx\/larevista\/wp-json\/wp\/v2\/types\/post"}],"author":[{"embeddable":true,"href":"https:\/\/dralvarez.com.mx\/larevista\/wp-json\/wp\/v2\/users\/1018"}],"replies":[{"embeddable":true,"href":"https:\/\/dralvarez.com.mx\/larevista\/wp-json\/wp\/v2\/comments?post=67317"}],"version-history":[{"count":0,"href":"https:\/\/dralvarez.com.mx\/larevista\/wp-json\/wp\/v2\/posts\/67317\/revisions"}],"wp:attachment":[{"href":"https:\/\/dralvarez.com.mx\/larevista\/wp-json\/wp\/v2\/media?parent=67317"}],"wp:term":[{"taxonomy":"category","embeddable":true,"href":"https:\/\/dralvarez.com.mx\/larevista\/wp-json\/wp\/v2\/categories?post=67317"},{"taxonomy":"post_tag","embeddable":true,"href":"https:\/\/dralvarez.com.mx\/larevista\/wp-json\/wp\/v2\/tags?post=67317"}],"curies":[{"name":"wp","href":"https:\/\/api.w.org\/{rel}","templated":true}]}}