{"id":67316,"date":"2018-07-04T00:00:00","date_gmt":"2018-07-04T06:00:00","guid":{"rendered":"https:\/\/dralvarez.com.mx\/larevista\/blog\/agec-presenta-la-declaracion-de-hermosillo-derivada-del-tercer-encuentro-nacional-de-archivos-27284"},"modified":"2018-07-04T00:00:00","modified_gmt":"2018-07-04T06:00:00","slug":"agec-presenta-la-declaracion-de-hermosillo-derivada-del-tercer-encuentro-nacional-de-archivos-27284","status":"publish","type":"post","link":"https:\/\/dralvarez.com.mx\/larevista\/compeche\/agec-presenta-la-declaracion-de-hermosillo-derivada-del-tercer-encuentro-nacional-de-archivos-27284","title":{"rendered":"AGEC presenta la \u201cdeclaraci\u00f3n de Hermosillo\u201d, derivada del tercer encuentro nacional de archivos"},"content":{"rendered":"<\/p>\n<p>Como resultado de los trabajos realizados en el Tercer Encuentro Nacional de Archivos \u201cArchivos, legislaci\u00f3n y preservaci\u00f3n: hacia la implementaci\u00f3n de la Ley General de Archivos\u201d, celebrado en la ciudad de Hermosillo, Sonora, los Archivos del Poder Ejecutivo de las Entidades Federativas asistentes, entre ellos el Archivo General del Estado de Campeche (AGEC), firmaron la \u201cDeclaraci\u00f3n de Hermosillo\u201d.<\/p>\n<p>Durante el Encuentro, los responsables de los archivos estatales trataron temas sobre la Ley General de Archivos y la armonizaci\u00f3n de las leyes estatales, solicitando a los Gobernadores de las Entidades Federativas seis puntos de acuerdo.<\/p>\n<p>De esta forma, se propuso promover la difusi\u00f3n del contenido y alcances de la Ley General de Archivos, que establece a nivel nacional los principios para la organizaci\u00f3n y administraci\u00f3n homog\u00e9nea de los archivos en posesi\u00f3n de los sujetos obligados; as\u00ed como reforzar dentro de la administraci\u00f3n p\u00fablica estatal el establecimiento, desarrollo y mejoramiento de los sistemas institucionales de archivos, como c\u00e9lula b\u00e1sica de los procesos de gesti\u00f3n documental y promover su fortalecimiento.<\/p>\n<p>Otro punto de acuerdo fue garantizar la creaci\u00f3n de Archivos Generales con personalidad jur\u00eddica y patrimonio propio, con autonom\u00eda t\u00e9cnica y de gesti\u00f3n para el cumplimiento de sus atribuciones, objetivo y fines.<\/p>\n<p>Asimismo, reconocer la necesidad de que los titulares de los Archivos Generales de los Estados tengan el nivel de Subsecretario, Titular de Unidad Administrativa o su equivalente, ya que ser\u00e1n quienes presidan el Consejo Local del Sistema Estatal de Archivos, con atribuciones similares a las del Archivo General de la Naci\u00f3n.<\/p>\n<p>&nbsp;<\/p>\n<p>Tambi\u00e9n se solicit\u00f3 mantener una voluntad pol\u00edtica para encabezar los esfuerzos para hacer frente a los requerimientos jur\u00eddicos, econ\u00f3micos y t\u00e9cnicos que implicar\u00e1 la armonizaci\u00f3n de la normatividad estatal en la materia y su posterior cumplimiento.<\/p>\n<p>&nbsp;<\/p>\n<p>Y por \u00faltimo, integrar en los presupuestos de egresos del presente a\u00f1o y de los subsiguientes, las previsiones y adecuaciones necesarias para destinar los recursos que se requieren para dar cumplimiento a las obligaciones establecidas en la Ley General de Archivos.<\/p>\n<p>&nbsp;<\/p>\n<p>Cabe se\u00f1alar que, en su calidad de representante nacional de los Archivos de los Estados y de la Ciudad de M\u00e9xico, el titular del AGEC, Alberto Ceballos Gonz\u00e1lez, particip\u00f3 en este Encuentro, reconociendo que los archivos requieren una gesti\u00f3n eficaz, eficiente, responsable y transparente para generar una atm\u00f3sfera de confianza y certeza entre el gobierno y la sociedad.<\/p>\n<p><\/p>\n","protected":false},"excerpt":{"rendered":"<p>Durante el Encuentro, los responsables de los archivos estatales trataron temas sobre la Ley General de Archivos y la armonizaci\u00f3n de las leyes estata<\/p>\n","protected":false},"author":1018,"featured_media":0,"comment_status":"open","ping_status":"open","sticky":false,"template":"","format":"standard","meta":{"tdm_status":"","tdm_grid_status":"","footnotes":""},"categories":[27],"tags":[],"_links":{"self":[{"href":"https:\/\/dralvarez.com.mx\/larevista\/wp-json\/wp\/v2\/posts\/67316"}],"collection":[{"href":"https:\/\/dralvarez.com.mx\/larevista\/wp-json\/wp\/v2\/posts"}],"about":[{"href":"https:\/\/dralvarez.com.mx\/larevista\/wp-json\/wp\/v2\/types\/post"}],"author":[{"embeddable":true,"href":"https:\/\/dralvarez.com.mx\/larevista\/wp-json\/wp\/v2\/users\/1018"}],"replies":[{"embeddable":true,"href":"https:\/\/dralvarez.com.mx\/larevista\/wp-json\/wp\/v2\/comments?post=67316"}],"version-history":[{"count":0,"href":"https:\/\/dralvarez.com.mx\/larevista\/wp-json\/wp\/v2\/posts\/67316\/revisions"}],"wp:attachment":[{"href":"https:\/\/dralvarez.com.mx\/larevista\/wp-json\/wp\/v2\/media?parent=67316"}],"wp:term":[{"taxonomy":"category","embeddable":true,"href":"https:\/\/dralvarez.com.mx\/larevista\/wp-json\/wp\/v2\/categories?post=67316"},{"taxonomy":"post_tag","embeddable":true,"href":"https:\/\/dralvarez.com.mx\/larevista\/wp-json\/wp\/v2\/tags?post=67316"}],"curies":[{"name":"wp","href":"https:\/\/api.w.org\/{rel}","templated":true}]}}