{"id":67166,"date":"2018-06-29T00:00:00","date_gmt":"2018-06-29T06:00:00","guid":{"rendered":"https:\/\/dralvarez.com.mx\/larevista\/blog\/lidera-campeche-reduccion-de-tasa-de-desocupacion-27131"},"modified":"2018-06-29T00:00:00","modified_gmt":"2018-06-29T06:00:00","slug":"lidera-campeche-reduccion-de-tasa-de-desocupacion-27131","status":"publish","type":"post","link":"https:\/\/dralvarez.com.mx\/larevista\/compeche\/lidera-campeche-reduccion-de-tasa-de-desocupacion-27131","title":{"rendered":"Lidera Campeche reducci\u00f3n de tasa de desocupaci\u00f3n"},"content":{"rendered":"<\/p>\n<p>La<br \/>\nSecretar\u00eda de Desarrollo Econ\u00f3mico de Campeche (SEDECO) da a conocer que el<br \/>\nEstado fue la entidad que redujo de forma m\u00e1s pronunciada su tasa de<br \/>\ndesocupaci\u00f3n anual en los primeros cinco meses del a\u00f1o, al pasar de 3.93 por<br \/>\nciento de su Poblaci\u00f3n Econ\u00f3micamente Activa (PEA) en 2017, a 2.67 por ciento<br \/>\nen el mismo lapso del presente a\u00f1o. Es decir, la baja en desocupaci\u00f3n fue de<br \/>\n1.26 puntos porcentuales, la mayor del pa\u00eds.<\/p>\n<p>De<br \/>\nacuerdo con datos del Instituto Nacional de Estad\u00edstica y Geograf\u00eda (INEGI) y<br \/>\ndel Instituto Mexicano del Seguro Social (IMSS), en los primeros cinco meses<br \/>\ndel presente a\u00f1o, Campeche gener\u00f3 mil 788 plazas formales, mientras que en el<br \/>\nmismo periodo de 2017 la entidad registr\u00f3 una p\u00e9rdida de dos mil 159 plazas.<\/p>\n<p>Al<br \/>\nrespecto, el titular de la SEDECO, Jos\u00e9 Domingo Berzunza Esp\u00ednola, coment\u00f3 que<br \/>\nlas acciones para diversificar la econom\u00eda, como incentivar la manufactura y el<br \/>\nturismo, est\u00e1n dando resultados.<\/p>\n<p>Advirti\u00f3<br \/>\nque ayer se firmaron los contratos de las 16 \u00e1reas integradas en la Ronda 3.1,<br \/>\ncuya primera producci\u00f3n podr\u00eda materializarse en 2022, con una producci\u00f3n<br \/>\nm\u00e1xima de 264 mil barriles diarios<\/p>\n<p>Asimismo,<br \/>\nexplic\u00f3 que, de acuerdo con la Secretar\u00eda de Energ\u00eda del gobierno federal<br \/>\n(SENER), la inversi\u00f3n general de esta ronda ascender\u00eda a ocho mil 626 millones<br \/>\nde d\u00f3lares, de los que en la primera fase de exploraci\u00f3n se erogar\u00edan 442<br \/>\nmillones de d\u00f3lares.<\/p>\n<p>Berzunza<br \/>\nEsp\u00ednola inform\u00f3 que estas acciones de exploraci\u00f3n y producci\u00f3n generar\u00edan 86<br \/>\nmil empleos totales, de los que 23 mil ser\u00edan formales, con beneficio para los<br \/>\nestados petroleros del Golfo de M\u00e9xico, incluyendo a Campeche.<\/p><\/p>\n","protected":false},"excerpt":{"rendered":"<p>Baja 1.26% en los primeros cinco meses del a\u00f1o, la mayor del pa\u00eds&#8230;<\/p>\n","protected":false},"author":1018,"featured_media":0,"comment_status":"open","ping_status":"open","sticky":false,"template":"","format":"standard","meta":{"tdm_status":"","tdm_grid_status":"","footnotes":""},"categories":[27],"tags":[],"_links":{"self":[{"href":"https:\/\/dralvarez.com.mx\/larevista\/wp-json\/wp\/v2\/posts\/67166"}],"collection":[{"href":"https:\/\/dralvarez.com.mx\/larevista\/wp-json\/wp\/v2\/posts"}],"about":[{"href":"https:\/\/dralvarez.com.mx\/larevista\/wp-json\/wp\/v2\/types\/post"}],"author":[{"embeddable":true,"href":"https:\/\/dralvarez.com.mx\/larevista\/wp-json\/wp\/v2\/users\/1018"}],"replies":[{"embeddable":true,"href":"https:\/\/dralvarez.com.mx\/larevista\/wp-json\/wp\/v2\/comments?post=67166"}],"version-history":[{"count":0,"href":"https:\/\/dralvarez.com.mx\/larevista\/wp-json\/wp\/v2\/posts\/67166\/revisions"}],"wp:attachment":[{"href":"https:\/\/dralvarez.com.mx\/larevista\/wp-json\/wp\/v2\/media?parent=67166"}],"wp:term":[{"taxonomy":"category","embeddable":true,"href":"https:\/\/dralvarez.com.mx\/larevista\/wp-json\/wp\/v2\/categories?post=67166"},{"taxonomy":"post_tag","embeddable":true,"href":"https:\/\/dralvarez.com.mx\/larevista\/wp-json\/wp\/v2\/tags?post=67166"}],"curies":[{"name":"wp","href":"https:\/\/api.w.org\/{rel}","templated":true}]}}